{"id":10722,"date":"2024-05-30T13:33:29","date_gmt":"2024-05-30T13:33:29","guid":{"rendered":"https:\/\/www.effektivaltruism.org\/?p=10722"},"modified":"2024-10-30T14:52:44","modified_gmt":"2024-10-30T14:52:44","slug":"svenska-kandidater-till-eu-parlamentets-syn-pa-globala-katatrofrisker","status":"publish","type":"post","link":"https:\/\/www.effektivaltruism.org\/en\/svenska-kandidater-till-eu-parlamentets-syn-pa-globala-katatrofrisker\/","title":{"rendered":"Svenska kandidater till EU-parlamentets syn p\u00e5 globala katatrofrisker"},"content":{"rendered":"\t\t<div data-elementor-type=\"wp-post\" data-elementor-id=\"10722\" class=\"elementor elementor-10722\" data-elementor-post-type=\"post\">\n\t\t\t\t<div class=\"elementor-element elementor-element-5e63edd e-flex e-con-boxed e-con e-parent\" data-id=\"5e63edd\" data-element_type=\"container\" data-e-type=\"container\">\n\t\t\t\t\t<div class=\"e-con-inner\">\n\t\t\t\t<div class=\"elementor-element elementor-element-0ef7087 elementor-widget elementor-widget-text-editor\" data-id=\"0ef7087\" data-element_type=\"widget\" data-e-type=\"widget\" data-widget_type=\"text-editor.default\">\n\t\t\t\t<div class=\"elementor-widget-container\">\n\t\t\t\t\t\t\t\t\t<p class=\"\"><em>An English translation can be found at the bottom of this post.<\/em><\/p><p class=\"\">Effektiv Altruism Sverige har nyligen genomf\u00f6rt en enk\u00e4tunders\u00f6kning riktad till toppkandidaterna f\u00f6r alla riksdagens partier inf\u00f6r EU-valet. Kompletta svar fr\u00e5n respektive respondent kan <a href=\"https:\/\/docs.google.com\/document\/d\/1NPzUZQ1kD34fYJZnCE3YnlseaYXVSbmxPr-PGh6u8ps\/edit#heading=h.wt4iaqprq7q3\">hittas h\u00e4r<\/a>.<\/p><p class=\"\"><strong>Bakgrund och syfte med unders\u00f6kningen<\/strong><\/p><p class=\"\">Syftet med unders\u00f6kningen var att samla in och dela data om hur svenska EU-kandidater ser p\u00e5 globala katastrofrisker och att lyfta dessa fr\u00e5gor h\u00f6gre p\u00e5 den politiska agendan.<\/p><p class=\"\"><strong>Vad unders\u00f6kningen inkluderade<\/strong><\/p><p class=\"\">Unders\u00f6kningen omfattade hur viktigt kandidaterna tycker det \u00e4r att prioritera:<\/p><ul data-rte-list=\"default\"><li><p class=\"\">M\u00e4nsklighetens \u00f6verlevnad, generellt<\/p><\/li><li><p class=\"\">En mer l\u00e5ngsiktig politik<\/p><\/li><li><p class=\"\">Specifika risker fr\u00e5n extrema klimatf\u00f6r\u00e4ndringar, massf\u00f6rst\u00f6relsevapen, pandemier och avancerad AI<\/p><\/li><\/ul><p class=\"\">Vi bad \u00e4ven kandidaterna att ange de tre konkreta \u00e5tg\u00e4rderna som de anser \u00e4r viktigast f\u00f6r att hantera respektive fr\u00e5ga p\u00e5 EU-niv\u00e5 under den kommande mandatperioden.<\/p><p class=\"\" data-rte-preserve-empty=\"true\">\u00a0<\/p><p class=\"\"><strong>Hur vi utf\u00f6rde unders\u00f6kningen<\/strong><\/p><p class=\"\">Vi skickade enk\u00e4ten via e-post till de fem toppkandidaterna fr\u00e5n varje riksdagsparti, samt till partiernas officiella informationskanaler d\u00e5 m\u00e5nga partier koordinerar enk\u00e4ter centralt. En p\u00e5minnelse skickades ut en dag f\u00f6re sista svarsdag, med erbjudande om en veckas f\u00f6rl\u00e4ngd svarstid.\u00a0<\/p><p class=\"\">V\u00e4rt att n\u00e4mna \u00e4r att flera partier meddelade att de vanligtvis, f\u00f6r att ha kapacitet att svara p\u00e5 alla enk\u00e4ter de f\u00e5r inf\u00f6r valet, l\u00e5ter 1-2 av sina toppkandidater svara p\u00e5 enk\u00e4ter.<\/p><p class=\"\"><strong>Utvalda observationer\u00a0<\/strong><\/p><ul data-rte-list=\"default\"><li><p class=\"\">Det finns en samst\u00e4mmighet bland de svarande att alla omr\u00e5den enk\u00e4ten ber\u00f6rde \u00e4r \u201cviktiga\u201d eller en av de \u201callra viktigaste politiska fr\u00e5gorna\u201d.<\/p><\/li><li><p class=\"\">Alla respondenter angav att \u201cundvika extrema klimatf\u00f6r\u00e4ndringar\u201d och \u201cprioritera m\u00e4nsklighetens \u00f6verlevnad\u201d \u00e4r \u201cen av de allra viktigaste politiska fr\u00e5gorna\u201d.<\/p><\/li><li><p class=\"\">G\u00e4llande krig med massf\u00f6rst\u00f6relsevapen \u00e4r det ett tydligt fokus p\u00e5 k\u00e4rnvapennedrustning och st\u00f6d till Ukraina. Andra konkreta former av massf\u00f6rst\u00f6relsevapen, som biologiska och kemiska vapen, n\u00e4mns inte av n\u00e5gon.\u00a0<\/p><\/li><li><p class=\"\">Svaren om bios\u00e4kerhet kan kategoriseras i fyra huvuddimensioner: bevarande av biologisk m\u00e5ngfald, samh\u00e4llsberedskap, forskningssamarbete, och bek\u00e4mpande av antibiotikaresistens. Ingen av kandidaterna n\u00e4mner risker fr\u00e5n genetiskt modifierade patogener <em>(eng: engineered pathogens).<\/em>\u00a0<\/p><ul data-rte-list=\"default\"><li><p class=\"\"><strong><em>Disclaimer<\/em><\/strong><em>:<\/em> <em>Bios\u00e4kerhet \u00e4r komplext och involverar b\u00e5de h\u00e4lsa och s\u00e4kerhetsfr\u00e5gor som inte direkt omfattas av Europaparlamentets mandat. EU kan st\u00f6dja forskning och samordna mellan medlemsstater men har begr\u00e4nsad direkt kontroll \u00f6ver nationella s\u00e4kerhets\u00e5tg\u00e4rder.<\/em><\/p><\/li><\/ul><\/li><li><p class=\"\">Riskerna fr\u00e5n artificiell intelligens var den fr\u00e5ga som minst antal respondenter angav som &#8220;en av de allra viktigaste fr\u00e5gorna&#8221; (2 av 8).<\/p><\/li><li><p class=\"\">M\u00e5nga kandidater visar en medvetenhet om de risker som AI medf\u00f6r, men m\u00e5nga svar verkar fokusera p\u00e5 omedelbar felanv\u00e4ndning (exempelvis integritetsproblem) snarare \u00e4n existentiella risker.<\/p><\/li><li><p class=\"\">4 av 8 respondenter angav att de har skrivit p\u00e5 Future of Life\u2019s Open Letter <em>\u201c<\/em><a href=\"https:\/\/futureoflife.org\/open-letter\/long-view-leadership-on-existential-threats\/\"><em>calling on world leaders to show long-view leadership on existential threats<\/em><\/a><em>&#8220;<\/em>. Notera att det \u00e4r m\u00f6jligt att n\u00e5gra av de som har skrivit p\u00e5 gjorde det som ett resultat av att vi st\u00e4llde fr\u00e5gan.<\/p><\/li><li><p class=\"\">Kandidater inom samma parti \u00e4r inte genomg\u00e5ende eniga om vilka \u00e5tg\u00e4rder som b\u00f6r prioriteras inom ett visst omr\u00e5de.\u00a0<\/p><\/li><\/ul><p class=\"\"><strong>EA Sveriges reflektioner<\/strong><\/p><ol data-rte-list=\"default\"><li><p class=\"\">Att vissa partier valde att inte prioritera att svara p\u00e5 unders\u00f6kningen kan, men beh\u00f6ver inte, betyda att dessa partier inte prioriterar globala katastrofrisker lika h\u00f6gt som de andra partierna.<\/p><\/li><li><p class=\"\">Vi ser positivt p\u00e5 att alla respondenter tycker att alla aspekter unders\u00f6kningen t\u00e4ckte \u00e4r \u201cviktiga\u201d eller \u201cen av de allra viktigaste fr\u00e5gorna\u201d. Dock anser vi, till skillnad mot resultaten, att risken fr\u00e5n avancerad AI \u00e4r minst lika allvarlig som de andra hoten, om inte det allra viktigaste, att jobba p\u00e5 just nu.<\/p><\/li><li><p class=\"\">Att personer inom samma parti anger olika \u00e5tg\u00e4rder som prioriterade, indikerar att aktivt r\u00f6sta p\u00e5 specifik kandidat, inte bara parti, \u00e4r av betydelse.<\/p><\/li><\/ol><p class=\"\">Vi hoppas att unders\u00f6kningen har gjort kandidaterna mer medvetna om globala katastrofrisker och lyft dessa fr\u00e5gor h\u00f6gre p\u00e5 deras agenda. Vi hoppas \u00e4ven att resultaten \u00e4r v\u00e4rdefulla f\u00f6r dig som avser r\u00f6sta i EU-valet och anser att globala katastrofrisker i n\u00e5gon form b\u00f6r prioriteras p\u00e5 EU-niv\u00e5.<\/p><p class=\"\"><em>PS: Du k\u00e4nner v\u00e4l till att du har r\u00e4tt att efterfr\u00e5ga information fr\u00e5n de politiker som representerar Sverige. Tveka inte att st\u00e4lla fr\u00e5gor till de kandidater du \u00f6verv\u00e4ger att r\u00f6sta p\u00e5 och beg\u00e4ra den information du beh\u00f6ver f\u00f6r att g\u00f6ra ett informerat val.<\/em><\/p><p class=\"\"><em>___________________________________________________________________________________________<\/em><\/p><p class=\"\">Effective Altruism Sweden recently conducted a survey targeted at the top candidates from all parliamentary parties ahead of the EU elections. Complete responses from each respondent can be found <a href=\"https:\/\/docs.google.com\/document\/d\/1NPzUZQ1kD34fYJZnCE3YnlseaYXVSbmxPr-PGh6u8ps\/edit#heading=h.wt4iaqprq7q3\">here<\/a><\/p><p class=\"\"><strong>Background and Purpose of the Survey<\/strong><\/p><p class=\"\">The purpose of the survey was to collect and share data on how Swedish EU candidates view global catastrophic risks and to increase the presence of these issues on the political agenda.<\/p><p class=\"\"><strong>What the Survey Included<\/strong><\/p><p class=\"\">The survey covered how important the candidates believe it is to prioritize:<\/p><ul data-rte-list=\"default\"><li><p class=\"\">The survival of humanity, in general<\/p><\/li><li><p class=\"\">Long-term politics<\/p><\/li><li><p class=\"\">Specific risks from extreme climate change, weapons of mass destruction, pandemics, and advanced AI<\/p><\/li><\/ul><p class=\"\">We also asked the candidates to specify the three concrete actions they consider most important to address each issue at the EU level during the upcoming term.<\/p><p class=\"\"><strong>How We Conducted the Survey<\/strong><\/p><p class=\"\">We sent the survey via email to the top five candidates from each parliamentary party and to the parties\u2019 official information channels, as many parties coordinate surveys centrally. A reminder was sent one day before the final response date, offering an additional week to respond.<\/p><p class=\"\">It is worth mentioning that several parties reported that, in order to have the capacity to answer all the surveys they receive before the elections, they usually have 1-2 of their top candidates answer surveys.<\/p><p class=\"\" data-rte-preserve-empty=\"true\">\u00a0<\/p><p class=\"\"><strong>Selected Observations<\/strong><\/p><ul data-rte-list=\"default\"><li><p class=\"\">There is consensus among the respondents that all areas covered by the survey are &#8220;important&#8221; or one of the &#8220;most important political issues.&#8221;<\/p><\/li><li><p class=\"\">All respondents indicated that &#8220;avoiding extreme climate change&#8221; and &#8220;prioritizing humanity&#8217;s survival&#8221; are &#8220;one of the most important political issues.&#8221;<\/p><\/li><li><p class=\"\">Regarding war with weapons of mass destruction, there is a clear focus on nuclear disarmament and support for Ukraine. Other concrete forms of weapons of mass destruction, such as biological and chemical weapons, are not mentioned by any respondent.<\/p><\/li><li><p class=\"\">The responses on biosecurity can be categorized into four main dimensions: preservation of biological diversity, societal preparedness, research collaboration, and combating antibiotic resistance. None of the candidates mention risks from engineered pathogens.<\/p><ul data-rte-list=\"default\"><li><p class=\"\"><strong><em>Disclaimer:<\/em><\/strong><em> Biosecurity is complex and involves both health and security issues that are not directly covered by the European Parliament\u2019s mandate. The EU can support research and coordinate between member states but has limited direct control over national security measures.<\/em><\/p><\/li><\/ul><\/li><li><p class=\"\">The risks from artificial intelligence was the issue the fewest respondents indicated as &#8220;one of the most important issues&#8221; (2 out of 8).<\/p><\/li><li><p class=\"\">Many candidates show awareness of the risks AI entails, but many responses seem to focus on immediate misuse (e.g., privacy issues) rather than existential risks.<\/p><\/li><li><p class=\"\">4 out of 8 respondents indicated that they have signed Future of Life\u2019s Open Letter <a href=\"https:\/\/futureoflife.org\/open-letter\/long-view-leadership-on-existential-threats\/\"><em>\u201ccalling on world leaders to show long-view leadership on existential threats.&#8221;<\/em><\/a> Note that it is possible that some of those who signed did so as a result of us asking the question.<\/p><\/li><li><p class=\"\">Candidates within the same party are not consistently unanimous on which measures should be prioritized in a given area.<\/p><\/li><\/ul><p class=\"\"><strong>EA Sweden\u2019s Reflections<\/strong><\/p><ol data-rte-list=\"default\"><li><p class=\"\">The fact that some parties chose not to prioritize responding to the survey may, but does not necessarily, mean that these parties do not prioritize global catastrophic risks as highly as the other parties.<\/p><\/li><li><p class=\"\">We view positively that all respondents consider all aspects the survey covered as &#8220;important&#8221; or &#8220;one of the most important issues.&#8221; However, we believe, contrary to the results, that the risk from advanced AI is at least as serious as the other threats, if not the most important, to work on right now.<\/p><\/li><li><p class=\"\">The fact that individuals within the same party indicate different measures as prioritized suggests that actively voting for a specific candidate, not just a party, is significant.<\/p><\/li><\/ol><p class=\"\">We hope the survey has made the candidates more aware of global catastrophic risks and that these issues will be more present on their agenda. We also hope that the results are valuable for you who intend to vote in the EU election and believe that global catastrophic risks in some form should be prioritized at the EU level.<\/p><p class=\"\" data-rte-preserve-empty=\"true\">\u00a0<\/p><p class=\"\"><strong>NB:<\/strong> Are you aware that you have the right to request information from the politicians representing Sweden? Do not hesitate to ask questions to the candidates you are considering voting for and request the information you need to make an informed choice.<\/p>\t\t\t\t\t\t\t\t<\/div>\n\t\t\t\t<\/div>\n\t\t\t\t\t<\/div>\n\t\t\t\t<\/div>\n\t\t\t\t<\/div>\n\t\t","protected":false},"excerpt":{"rendered":"<p>An English translation can be found at the bottom of this post. Effektiv Altruism Sverige har nyligen genomf\u00f6rt en enk\u00e4tunders\u00f6kning riktad till toppkandidaterna f\u00f6r alla riksdagens partier inf\u00f6r EU-valet. Kompletta svar fr\u00e5n respektive respondent kan hittas h\u00e4r. Bakgrund och syfte med unders\u00f6kningen Syftet med unders\u00f6kningen var att samla in och dela data om hur svenska [&hellip;]<\/p>\n","protected":false},"author":16,"featured_media":10723,"comment_status":"closed","ping_status":"open","sticky":false,"template":"","format":"standard","meta":{"site-sidebar-layout":"default","site-content-layout":"","ast-site-content-layout":"default","site-content-style":"default","site-sidebar-style":"default","ast-global-header-display":"","ast-banner-title-visibility":"","ast-main-header-display":"","ast-hfb-above-header-display":"","ast-hfb-below-header-display":"","ast-hfb-mobile-header-display":"","site-post-title":"","ast-breadcrumbs-content":"","ast-featured-img":"","footer-sml-layout":"","ast-disable-related-posts":"","theme-transparent-header-meta":"","adv-header-id-meta":"","stick-header-meta":"","header-above-stick-meta":"","header-main-stick-meta":"","header-below-stick-meta":"","astra-migrate-meta-layouts":"set","ast-page-background-enabled":"default","ast-page-background-meta":{"desktop":{"background-color":"","background-image":"","background-repeat":"repeat","background-position":"center center","background-size":"auto","background-attachment":"scroll","background-type":"","background-media":"","overlay-type":"","overlay-color":"","overlay-opacity":"","overlay-gradient":""},"tablet":{"background-color":"","background-image":"","background-repeat":"repeat","background-position":"center center","background-size":"auto","background-attachment":"scroll","background-type":"","background-media":"","overlay-type":"","overlay-color":"","overlay-opacity":"","overlay-gradient":""},"mobile":{"background-color":"","background-image":"","background-repeat":"repeat","background-position":"center center","background-size":"auto","background-attachment":"scroll","background-type":"","background-media":"","overlay-type":"","overlay-color":"","overlay-opacity":"","overlay-gradient":""}},"ast-content-background-meta":{"desktop":{"background-color":"var(--ast-global-color-5)","background-image":"","background-repeat":"repeat","background-position":"center center","background-size":"auto","background-attachment":"scroll","background-type":"","background-media":"","overlay-type":"","overlay-color":"","overlay-opacity":"","overlay-gradient":""},"tablet":{"background-color":"var(--ast-global-color-5)","background-image":"","background-repeat":"repeat","background-position":"center center","background-size":"auto","background-attachment":"scroll","background-type":"","background-media":"","overlay-type":"","overlay-color":"","overlay-opacity":"","overlay-gradient":""},"mobile":{"background-color":"var(--ast-global-color-5)","background-image":"","background-repeat":"repeat","background-position":"center center","background-size":"auto","background-attachment":"scroll","background-type":"","background-media":"","overlay-type":"","overlay-color":"","overlay-opacity":"","overlay-gradient":""}},"footnotes":""},"categories":[1],"tags":[],"class_list":["post-10722","post","type-post","status-publish","format-standard","has-post-thumbnail","hentry","category-uncategorized"],"yoast_head":"<!-- This site is optimized with the Yoast SEO plugin v27.4 - https:\/\/yoast.com\/product\/yoast-seo-wordpress\/ -->\n<title>Survey of Swedish EU Candidates on Global Catastrophic Risks<\/title>\n<meta name=\"description\" content=\"EA Sweden surveyed EU candidates on critical global risks like climate change, AI, and pandemics. See their views and priorities ahead of the EU elections.\" \/>\n<meta name=\"robots\" content=\"index, follow, max-snippet:-1, max-image-preview:large, max-video-preview:-1\" \/>\n<link rel=\"canonical\" href=\"https:\/\/www.effektivaltruism.org\/en\/svenska-kandidater-till-eu-parlamentets-syn-pa-globala-katatrofrisker\/\" \/>\n<meta property=\"og:locale\" content=\"en_US\" \/>\n<meta property=\"og:type\" content=\"article\" \/>\n<meta property=\"og:title\" content=\"Survey of Swedish EU Candidates on Global Catastrophic Risks\" \/>\n<meta property=\"og:description\" content=\"EA Sweden surveyed EU candidates on critical global risks like climate change, AI, and pandemics. See their views and priorities ahead of the EU elections.\" \/>\n<meta property=\"og:url\" content=\"https:\/\/www.effektivaltruism.org\/en\/svenska-kandidater-till-eu-parlamentets-syn-pa-globala-katatrofrisker\/\" \/>\n<meta property=\"og:site_name\" content=\"Effektiv Altruism\" \/>\n<meta property=\"article:published_time\" content=\"2024-05-30T13:33:29+00:00\" \/>\n<meta property=\"article:modified_time\" content=\"2024-10-30T14:52:44+00:00\" \/>\n<meta property=\"og:image\" content=\"https:\/\/www.effektivaltruism.org\/wp-content\/uploads\/2024\/07\/Asset-1@13x.png\" \/>\n\t<meta property=\"og:image:width\" content=\"2258\" \/>\n\t<meta property=\"og:image:height\" content=\"1179\" \/>\n\t<meta property=\"og:image:type\" content=\"image\/png\" \/><meta property=\"og:image\" content=\"https:\/\/www.effektivaltruism.org\/wp-content\/uploads\/2024\/10\/Screenshot2024-05-20at13.52.212.png\" \/>\n\t<meta property=\"og:image:width\" content=\"1165\" \/>\n\t<meta property=\"og:image:height\" content=\"774\" \/>\n\t<meta property=\"og:image:type\" content=\"image\/png\" \/>\n<meta name=\"author\" content=\"DA\" \/>\n<meta name=\"twitter:card\" content=\"summary_large_image\" \/>\n<meta name=\"twitter:label1\" content=\"Written by\" \/>\n\t<meta name=\"twitter:data1\" content=\"DA\" \/>\n\t<meta name=\"twitter:label2\" content=\"Est. reading time\" \/>\n\t<meta name=\"twitter:data2\" content=\"7 minutes\" \/>\n<script type=\"application\/ld+json\" class=\"yoast-schema-graph\">{\"@context\":\"https:\\\/\\\/schema.org\",\"@graph\":[{\"@type\":\"Article\",\"@id\":\"https:\\\/\\\/www.effektivaltruism.org\\\/en\\\/svenska-kandidater-till-eu-parlamentets-syn-pa-globala-katatrofrisker\\\/#article\",\"isPartOf\":{\"@id\":\"https:\\\/\\\/www.effektivaltruism.org\\\/en\\\/svenska-kandidater-till-eu-parlamentets-syn-pa-globala-katatrofrisker\\\/\"},\"author\":{\"name\":\"DA\",\"@id\":\"https:\\\/\\\/www.effektivaltruism.org\\\/#\\\/schema\\\/person\\\/0097887052b571e71bae060e074489a9\"},\"headline\":\"Svenska kandidater till EU-parlamentets syn p\u00e5 globala katatrofrisker\",\"datePublished\":\"2024-05-30T13:33:29+00:00\",\"dateModified\":\"2024-10-30T14:52:44+00:00\",\"mainEntityOfPage\":{\"@id\":\"https:\\\/\\\/www.effektivaltruism.org\\\/en\\\/svenska-kandidater-till-eu-parlamentets-syn-pa-globala-katatrofrisker\\\/\"},\"wordCount\":1478,\"publisher\":{\"@id\":\"https:\\\/\\\/www.effektivaltruism.org\\\/#organization\"},\"image\":{\"@id\":\"https:\\\/\\\/www.effektivaltruism.org\\\/en\\\/svenska-kandidater-till-eu-parlamentets-syn-pa-globala-katatrofrisker\\\/#primaryimage\"},\"thumbnailUrl\":\"https:\\\/\\\/www.effektivaltruism.org\\\/wp-content\\\/uploads\\\/2024\\\/10\\\/Screenshot2024-05-20at13.52.212.png\",\"inLanguage\":\"en-US\"},{\"@type\":\"WebPage\",\"@id\":\"https:\\\/\\\/www.effektivaltruism.org\\\/en\\\/svenska-kandidater-till-eu-parlamentets-syn-pa-globala-katatrofrisker\\\/\",\"url\":\"https:\\\/\\\/www.effektivaltruism.org\\\/en\\\/svenska-kandidater-till-eu-parlamentets-syn-pa-globala-katatrofrisker\\\/\",\"name\":\"Survey of Swedish EU Candidates on Global Catastrophic Risks\",\"isPartOf\":{\"@id\":\"https:\\\/\\\/www.effektivaltruism.org\\\/#website\"},\"primaryImageOfPage\":{\"@id\":\"https:\\\/\\\/www.effektivaltruism.org\\\/en\\\/svenska-kandidater-till-eu-parlamentets-syn-pa-globala-katatrofrisker\\\/#primaryimage\"},\"image\":{\"@id\":\"https:\\\/\\\/www.effektivaltruism.org\\\/en\\\/svenska-kandidater-till-eu-parlamentets-syn-pa-globala-katatrofrisker\\\/#primaryimage\"},\"thumbnailUrl\":\"https:\\\/\\\/www.effektivaltruism.org\\\/wp-content\\\/uploads\\\/2024\\\/10\\\/Screenshot2024-05-20at13.52.212.png\",\"datePublished\":\"2024-05-30T13:33:29+00:00\",\"dateModified\":\"2024-10-30T14:52:44+00:00\",\"description\":\"EA Sweden surveyed EU candidates on critical global risks like climate change, AI, and pandemics. See their views and priorities ahead of the EU elections.\",\"breadcrumb\":{\"@id\":\"https:\\\/\\\/www.effektivaltruism.org\\\/en\\\/svenska-kandidater-till-eu-parlamentets-syn-pa-globala-katatrofrisker\\\/#breadcrumb\"},\"inLanguage\":\"en-US\",\"potentialAction\":[{\"@type\":\"ReadAction\",\"target\":[\"https:\\\/\\\/www.effektivaltruism.org\\\/en\\\/svenska-kandidater-till-eu-parlamentets-syn-pa-globala-katatrofrisker\\\/\"]}]},{\"@type\":\"ImageObject\",\"inLanguage\":\"en-US\",\"@id\":\"https:\\\/\\\/www.effektivaltruism.org\\\/en\\\/svenska-kandidater-till-eu-parlamentets-syn-pa-globala-katatrofrisker\\\/#primaryimage\",\"url\":\"https:\\\/\\\/www.effektivaltruism.org\\\/wp-content\\\/uploads\\\/2024\\\/10\\\/Screenshot2024-05-20at13.52.212.png\",\"contentUrl\":\"https:\\\/\\\/www.effektivaltruism.org\\\/wp-content\\\/uploads\\\/2024\\\/10\\\/Screenshot2024-05-20at13.52.212.png\",\"width\":1165,\"height\":774,\"caption\":\"european union flag\"},{\"@type\":\"BreadcrumbList\",\"@id\":\"https:\\\/\\\/www.effektivaltruism.org\\\/en\\\/svenska-kandidater-till-eu-parlamentets-syn-pa-globala-katatrofrisker\\\/#breadcrumb\",\"itemListElement\":[{\"@type\":\"ListItem\",\"position\":1,\"name\":\"Home\",\"item\":\"https:\\\/\\\/www.effektivaltruism.org\\\/\"},{\"@type\":\"ListItem\",\"position\":2,\"name\":\"Svenska kandidater till EU-parlamentets syn p\u00e5 globala katatrofrisker\"}]},{\"@type\":\"WebSite\",\"@id\":\"https:\\\/\\\/www.effektivaltruism.org\\\/#website\",\"url\":\"https:\\\/\\\/www.effektivaltruism.org\\\/\",\"name\":\"Effektiv Altruism\",\"description\":\"Support professionals to switch their career towards more impactful one\",\"publisher\":{\"@id\":\"https:\\\/\\\/www.effektivaltruism.org\\\/#organization\"},\"potentialAction\":[{\"@type\":\"SearchAction\",\"target\":{\"@type\":\"EntryPoint\",\"urlTemplate\":\"https:\\\/\\\/www.effektivaltruism.org\\\/?s={search_term_string}\"},\"query-input\":{\"@type\":\"PropertyValueSpecification\",\"valueRequired\":true,\"valueName\":\"search_term_string\"}}],\"inLanguage\":\"en-US\"},{\"@type\":\"Organization\",\"@id\":\"https:\\\/\\\/www.effektivaltruism.org\\\/#organization\",\"name\":\"Effektiv Altruism\",\"url\":\"https:\\\/\\\/www.effektivaltruism.org\\\/\",\"logo\":{\"@type\":\"ImageObject\",\"inLanguage\":\"en-US\",\"@id\":\"https:\\\/\\\/www.effektivaltruism.org\\\/#\\\/schema\\\/logo\\\/image\\\/\",\"url\":\"https:\\\/\\\/www.effektivaltruism.org\\\/wp-content\\\/uploads\\\/2024\\\/07\\\/Asset-1@13x.png\",\"contentUrl\":\"https:\\\/\\\/www.effektivaltruism.org\\\/wp-content\\\/uploads\\\/2024\\\/07\\\/Asset-1@13x.png\",\"width\":2258,\"height\":1179,\"caption\":\"Effektiv Altruism\"},\"image\":{\"@id\":\"https:\\\/\\\/www.effektivaltruism.org\\\/#\\\/schema\\\/logo\\\/image\\\/\"}},{\"@type\":\"Person\",\"@id\":\"https:\\\/\\\/www.effektivaltruism.org\\\/#\\\/schema\\\/person\\\/0097887052b571e71bae060e074489a9\",\"name\":\"DA\",\"image\":{\"@type\":\"ImageObject\",\"inLanguage\":\"en-US\",\"@id\":\"https:\\\/\\\/secure.gravatar.com\\\/avatar\\\/15d1d82ae5eefc8e8dc61313150786f731bb9f27f0525b32bff094474665f7cd?s=96&d=mm&r=g\",\"url\":\"https:\\\/\\\/secure.gravatar.com\\\/avatar\\\/15d1d82ae5eefc8e8dc61313150786f731bb9f27f0525b32bff094474665f7cd?s=96&d=mm&r=g\",\"contentUrl\":\"https:\\\/\\\/secure.gravatar.com\\\/avatar\\\/15d1d82ae5eefc8e8dc61313150786f731bb9f27f0525b32bff094474665f7cd?s=96&d=mm&r=g\",\"caption\":\"DA\"}}]}<\/script>\n<!-- \/ Yoast SEO plugin. -->","yoast_head_json":{"title":"Survey of Swedish EU Candidates on Global Catastrophic Risks","description":"EA Sweden surveyed EU candidates on critical global risks like climate change, AI, and pandemics. See their views and priorities ahead of the EU elections.","robots":{"index":"index","follow":"follow","max-snippet":"max-snippet:-1","max-image-preview":"max-image-preview:large","max-video-preview":"max-video-preview:-1"},"canonical":"https:\/\/www.effektivaltruism.org\/en\/svenska-kandidater-till-eu-parlamentets-syn-pa-globala-katatrofrisker\/","og_locale":"en_US","og_type":"article","og_title":"Survey of Swedish EU Candidates on Global Catastrophic Risks","og_description":"EA Sweden surveyed EU candidates on critical global risks like climate change, AI, and pandemics. See their views and priorities ahead of the EU elections.","og_url":"https:\/\/www.effektivaltruism.org\/en\/svenska-kandidater-till-eu-parlamentets-syn-pa-globala-katatrofrisker\/","og_site_name":"Effektiv Altruism","article_published_time":"2024-05-30T13:33:29+00:00","article_modified_time":"2024-10-30T14:52:44+00:00","og_image":[{"width":2258,"height":1179,"url":"https:\/\/www.effektivaltruism.org\/wp-content\/uploads\/2024\/07\/Asset-1@13x.png","type":"image\/png"},{"width":1165,"height":774,"url":"https:\/\/www.effektivaltruism.org\/wp-content\/uploads\/2024\/10\/Screenshot2024-05-20at13.52.212.png","type":"image\/png"}],"author":"DA","twitter_card":"summary_large_image","twitter_misc":{"Written by":"DA","Est. reading time":"7 minutes"},"schema":{"@context":"https:\/\/schema.org","@graph":[{"@type":"Article","@id":"https:\/\/www.effektivaltruism.org\/en\/svenska-kandidater-till-eu-parlamentets-syn-pa-globala-katatrofrisker\/#article","isPartOf":{"@id":"https:\/\/www.effektivaltruism.org\/en\/svenska-kandidater-till-eu-parlamentets-syn-pa-globala-katatrofrisker\/"},"author":{"name":"DA","@id":"https:\/\/www.effektivaltruism.org\/#\/schema\/person\/0097887052b571e71bae060e074489a9"},"headline":"Svenska kandidater till EU-parlamentets syn p\u00e5 globala katatrofrisker","datePublished":"2024-05-30T13:33:29+00:00","dateModified":"2024-10-30T14:52:44+00:00","mainEntityOfPage":{"@id":"https:\/\/www.effektivaltruism.org\/en\/svenska-kandidater-till-eu-parlamentets-syn-pa-globala-katatrofrisker\/"},"wordCount":1478,"publisher":{"@id":"https:\/\/www.effektivaltruism.org\/#organization"},"image":{"@id":"https:\/\/www.effektivaltruism.org\/en\/svenska-kandidater-till-eu-parlamentets-syn-pa-globala-katatrofrisker\/#primaryimage"},"thumbnailUrl":"https:\/\/www.effektivaltruism.org\/wp-content\/uploads\/2024\/10\/Screenshot2024-05-20at13.52.212.png","inLanguage":"en-US"},{"@type":"WebPage","@id":"https:\/\/www.effektivaltruism.org\/en\/svenska-kandidater-till-eu-parlamentets-syn-pa-globala-katatrofrisker\/","url":"https:\/\/www.effektivaltruism.org\/en\/svenska-kandidater-till-eu-parlamentets-syn-pa-globala-katatrofrisker\/","name":"Survey of Swedish EU Candidates on Global Catastrophic Risks","isPartOf":{"@id":"https:\/\/www.effektivaltruism.org\/#website"},"primaryImageOfPage":{"@id":"https:\/\/www.effektivaltruism.org\/en\/svenska-kandidater-till-eu-parlamentets-syn-pa-globala-katatrofrisker\/#primaryimage"},"image":{"@id":"https:\/\/www.effektivaltruism.org\/en\/svenska-kandidater-till-eu-parlamentets-syn-pa-globala-katatrofrisker\/#primaryimage"},"thumbnailUrl":"https:\/\/www.effektivaltruism.org\/wp-content\/uploads\/2024\/10\/Screenshot2024-05-20at13.52.212.png","datePublished":"2024-05-30T13:33:29+00:00","dateModified":"2024-10-30T14:52:44+00:00","description":"EA Sweden surveyed EU candidates on critical global risks like climate change, AI, and pandemics. See their views and priorities ahead of the EU elections.","breadcrumb":{"@id":"https:\/\/www.effektivaltruism.org\/en\/svenska-kandidater-till-eu-parlamentets-syn-pa-globala-katatrofrisker\/#breadcrumb"},"inLanguage":"en-US","potentialAction":[{"@type":"ReadAction","target":["https:\/\/www.effektivaltruism.org\/en\/svenska-kandidater-till-eu-parlamentets-syn-pa-globala-katatrofrisker\/"]}]},{"@type":"ImageObject","inLanguage":"en-US","@id":"https:\/\/www.effektivaltruism.org\/en\/svenska-kandidater-till-eu-parlamentets-syn-pa-globala-katatrofrisker\/#primaryimage","url":"https:\/\/www.effektivaltruism.org\/wp-content\/uploads\/2024\/10\/Screenshot2024-05-20at13.52.212.png","contentUrl":"https:\/\/www.effektivaltruism.org\/wp-content\/uploads\/2024\/10\/Screenshot2024-05-20at13.52.212.png","width":1165,"height":774,"caption":"european union flag"},{"@type":"BreadcrumbList","@id":"https:\/\/www.effektivaltruism.org\/en\/svenska-kandidater-till-eu-parlamentets-syn-pa-globala-katatrofrisker\/#breadcrumb","itemListElement":[{"@type":"ListItem","position":1,"name":"Home","item":"https:\/\/www.effektivaltruism.org\/"},{"@type":"ListItem","position":2,"name":"Svenska kandidater till EU-parlamentets syn p\u00e5 globala katatrofrisker"}]},{"@type":"WebSite","@id":"https:\/\/www.effektivaltruism.org\/#website","url":"https:\/\/www.effektivaltruism.org\/","name":"Effektiv Altruism","description":"Support professionals to switch their career towards more impactful one","publisher":{"@id":"https:\/\/www.effektivaltruism.org\/#organization"},"potentialAction":[{"@type":"SearchAction","target":{"@type":"EntryPoint","urlTemplate":"https:\/\/www.effektivaltruism.org\/?s={search_term_string}"},"query-input":{"@type":"PropertyValueSpecification","valueRequired":true,"valueName":"search_term_string"}}],"inLanguage":"en-US"},{"@type":"Organization","@id":"https:\/\/www.effektivaltruism.org\/#organization","name":"Effektiv Altruism","url":"https:\/\/www.effektivaltruism.org\/","logo":{"@type":"ImageObject","inLanguage":"en-US","@id":"https:\/\/www.effektivaltruism.org\/#\/schema\/logo\/image\/","url":"https:\/\/www.effektivaltruism.org\/wp-content\/uploads\/2024\/07\/Asset-1@13x.png","contentUrl":"https:\/\/www.effektivaltruism.org\/wp-content\/uploads\/2024\/07\/Asset-1@13x.png","width":2258,"height":1179,"caption":"Effektiv Altruism"},"image":{"@id":"https:\/\/www.effektivaltruism.org\/#\/schema\/logo\/image\/"}},{"@type":"Person","@id":"https:\/\/www.effektivaltruism.org\/#\/schema\/person\/0097887052b571e71bae060e074489a9","name":"DA","image":{"@type":"ImageObject","inLanguage":"en-US","@id":"https:\/\/secure.gravatar.com\/avatar\/15d1d82ae5eefc8e8dc61313150786f731bb9f27f0525b32bff094474665f7cd?s=96&d=mm&r=g","url":"https:\/\/secure.gravatar.com\/avatar\/15d1d82ae5eefc8e8dc61313150786f731bb9f27f0525b32bff094474665f7cd?s=96&d=mm&r=g","contentUrl":"https:\/\/secure.gravatar.com\/avatar\/15d1d82ae5eefc8e8dc61313150786f731bb9f27f0525b32bff094474665f7cd?s=96&d=mm&r=g","caption":"DA"}}]}},"_links":{"self":[{"href":"https:\/\/www.effektivaltruism.org\/en\/wp-json\/wp\/v2\/posts\/10722","targetHints":{"allow":["GET"]}}],"collection":[{"href":"https:\/\/www.effektivaltruism.org\/en\/wp-json\/wp\/v2\/posts"}],"about":[{"href":"https:\/\/www.effektivaltruism.org\/en\/wp-json\/wp\/v2\/types\/post"}],"author":[{"embeddable":true,"href":"https:\/\/www.effektivaltruism.org\/en\/wp-json\/wp\/v2\/users\/16"}],"replies":[{"embeddable":true,"href":"https:\/\/www.effektivaltruism.org\/en\/wp-json\/wp\/v2\/comments?post=10722"}],"version-history":[{"count":4,"href":"https:\/\/www.effektivaltruism.org\/en\/wp-json\/wp\/v2\/posts\/10722\/revisions"}],"predecessor-version":[{"id":10728,"href":"https:\/\/www.effektivaltruism.org\/en\/wp-json\/wp\/v2\/posts\/10722\/revisions\/10728"}],"wp:featuredmedia":[{"embeddable":true,"href":"https:\/\/www.effektivaltruism.org\/en\/wp-json\/wp\/v2\/media\/10723"}],"wp:attachment":[{"href":"https:\/\/www.effektivaltruism.org\/en\/wp-json\/wp\/v2\/media?parent=10722"}],"wp:term":[{"taxonomy":"category","embeddable":true,"href":"https:\/\/www.effektivaltruism.org\/en\/wp-json\/wp\/v2\/categories?post=10722"},{"taxonomy":"post_tag","embeddable":true,"href":"https:\/\/www.effektivaltruism.org\/en\/wp-json\/wp\/v2\/tags?post=10722"}],"curies":[{"name":"wp","href":"https:\/\/api.w.org\/{rel}","templated":true}]}}