{"id":11747,"date":"2022-02-23T14:02:00","date_gmt":"2022-02-23T14:02:00","guid":{"rendered":"https:\/\/www.effektivaltruism.org\/?p=11747"},"modified":"2024-10-30T14:03:30","modified_gmt":"2024-10-30T14:03:30","slug":"vi-flyttar-till-slakthusomradet-och-teamet-vaxer","status":"publish","type":"post","link":"https:\/\/www.effektivaltruism.org\/en\/vi-flyttar-till-slakthusomradet-och-teamet-vaxer\/","title":{"rendered":"Vi flyttar till Slakthusomr\u00e5det och teamet v\u00e4xer"},"content":{"rendered":"\n<p>Det \u00e4r mycket som h\u00e4nder i EA Sverige just nu! Vi har f\u00e5tt ut\u00f6kad finansiering b\u00e5de fr\u00e5n <a href=\"https:\/\/www.centreforeffectivealtruism.org\/\">Centre for Effective Altruism<\/a> och fr\u00e5n svenska filantroper, vi rekryterar f\u00f6r flera nya tj\u00e4nster och i april s\u00e5 flyttar vi till nya lokaler i Slakthusomr\u00e5det.<\/p>\n\n\n\n<h2 class=\"wp-block-heading\">Nya tj\u00e4nster: Head of Career Advice och Kommunikations- och projektassistent<\/h2>\n\n\n\n<p>Vi rekryterar just nu f\u00f6r tv\u00e5 olika tj\u00e4nster p\u00e5 EA Sverige &#8211; en senior tj\u00e4nst som <a href=\"https:\/\/www.effektivaltruism.org\/head-of-career-advice\">Head of Career Advice<\/a> och en lite mer junior roll som <a href=\"https:\/\/www.effektivaltruism.org\/kommunikations-och-projektassistent\">kommunikations- och projektassistent<\/a>. B\u00e5da platserna \u00e4r t\u00e4nkta som heltidstj\u00e4nster p\u00e5 plats i Stockholm, men notera att Head of Career Advice inte kr\u00e4ver spr\u00e5kf\u00e4rdigheter i svenska och att vi absolut kan t\u00e4nka oss en internationell rekrytering d\u00e4r. Vi \u00e4r mycket tacksamma f\u00f6r alla tips om l\u00e4mpliga kandidater &#8211; s\u00e5 om du har n\u00e5gra fr\u00e5gor om tj\u00e4nsterna eller vill tipsa om n\u00e5gon som passar, h\u00f6r av dig till Cecilia Tilli p\u00e5 <a href=\"mailto:cecilia@effektivaltruism.org\">cecilia@effektivaltruism.org<\/a>.<\/p>\n\n\n\n<h2 class=\"wp-block-heading\">Tips p\u00e5 saker att g\u00f6ra med oss i v\u00e5r<\/h2>\n\n\n\n<h3 class=\"wp-block-heading\">Event: Karim Jebari om social kollaps<\/h3>\n\n\n\n<p>Torsdagen den 24 februari (i morgon!) h\u00e5ller Karim Jebari en f\u00f6rel\u00e4sning p\u00e5 The Park i Stockholm om klimatkrisen, globala katastrofer och civilisationskollaps. Karim Jebari \u00e4r forskare p\u00e5 Institutet f\u00f6r framtidsstudier, och \u00e4r intresserad av till\u00e4mpad etik, existentiella risker och m\u00e4nsklighetens framtid. <a href=\"https:\/\/www.facebook.com\/events\/975784140012196\">L\u00e4s mer och anm\u00e4l dig till eventet h\u00e4r.<\/a><\/p>\n\n\n\n<h3 class=\"wp-block-heading\">Karri\u00e4rst\u00f6d<\/h3>\n\n\n\n<p>Funderar du p\u00e5 hur du kan anv\u00e4nda din karri\u00e4r f\u00f6r att g\u00f6ra gott? D\u00e5 kanske du \u00e4r intresserad av onlineeventet <a href=\"https:\/\/www.facebook.com\/events\/3126601010942200\">80,000 hours: How to Have A High Impact Career + Q&amp;A<\/a> den 16 mars, eller av att s\u00f6ka till n\u00e4sta omg\u00e5ng av <a href=\"https:\/\/www.effektivaltruism.org\/career-club-sv\">High Impact Career Course<\/a>. Du kan ocks\u00e5 ans\u00f6ka om individuell karri\u00e4rr\u00e5dgivning, antingen <a href=\"https:\/\/www.effektivaltruism.org\/personlig-rdgivning\">fr\u00e5n oss<\/a> eller <a href=\"https:\/\/80000hours.org\/speak-with-us\/\">fr\u00e5n 80,000 hours<\/a>.<\/p>\n\n\n\n<h3 class=\"wp-block-heading\">EA Global i London i v\u00e5r<\/h3>\n\n\n\n<p>Den 15-17 april arrangeras konferensen EA Global i London, och det \u00e4r fortfarande \u00f6ppet f\u00f6r ans\u00f6kningar &#8211; <a href=\"https:\/\/www.eaglobal.org\/events\/ea-global-london-2022\/\">l\u00e4s mer och ans\u00f6k h\u00e4r<\/a>!<\/p>\n\n\n\n<h3 class=\"wp-block-heading\">Impact Hackathon i Stockholm<\/h3>\n\n\n\n<p>Den 14 maj kommer vi att arrangera ett Impact Hackathon d\u00e4r deltagarna f\u00e5r t\u00e4vla i lag om att ta fram f\u00f6rslag p\u00e5 hur en projektbudget p\u00e5 5 miljoner kronor b\u00e4st skulle kunna anv\u00e4ndas f\u00f6r att addressera problem som 80,000 hours har listat som viktigast att arbeta p\u00e5. <a href=\"https:\/\/forms.gle\/72NQ6K56jgy3Y8UF7\">L\u00e4s mer och anm\u00e4l dig h\u00e4r!<\/a><\/p>\n\n\n\n<h3 class=\"wp-block-heading\">Tips: EA workplace\/professional groups<\/h3>\n\n\n\n<p>Runt om i v\u00e4rlden initieras nu EA-grupper som \u00e4r knutna antingen till en viss arbetsplats eller till ett visst yrkesomr\u00e5de &#8211; l\u00e4s mer <a href=\"https:\/\/forum.effectivealtruism.org\/s\/zBjj8cseLSXAa4goq\/p\/rN82gqjXhtAYDNNSN\">h\u00e4r<\/a> och kolla <a href=\"https:\/\/forum.effectivealtruism.org\/s\/zBjj8cseLSXAa4goq\/p\/rN82gqjXhtAYDNNSN#Your_group_might_already_be_waiting_for_you\">om det finns n\u00e5gon grupp som intresserar dig<\/a>? Det finns redan allt ifr\u00e5n EA Creatives and Communicators till High Impact Medicine eller EA and Supply Chain and Logistics.<\/p>\n\n\n\n<h3 class=\"wp-block-heading\">Pilotomg\u00e5ng av Framtidsakademin planerad till h\u00f6sten<\/h3>\n\n\n\n<p>Vi planerar f\u00f6r en pilotomg\u00e5ng av Framtidsakademin (Impact Academy) i h\u00f6st &#8211; ett sex m\u00e5naders program som kommer att vara \u00f6ppet f\u00f6r deltagare fr\u00e5n hela Sverige, med fokus p\u00e5 studenter och personer tidigt i karri\u00e4ren. Programmet kommer att inkludera fyra helgretreats, digitala workshops, projektarbete och individuellt mentorskap. Mer information kommer n\u00e4rmare sommaren!<\/p>\n\n\n\n<h3 class=\"wp-block-heading\">Styrelse- och finansieringsarbete<\/h3>\n\n\n\n<p>\u00c5rets f\u00f6rsta styrelsem\u00f6te \u00e4gde rum den 17e februari och handlade framf\u00f6r allt om uppdateringar i budget och verksamhetsplan till f\u00f6ljd av ut\u00f6kad finansiering.<\/p>\n\n\n\n<p>Det senaste \u00e5rets satsning p\u00e5 att s\u00e4kra mer diversifierad finansiering f\u00f6r EA Sverige har gett resultat: Vi har f\u00e5tt en donation p\u00e5 2 miljoner kronor fr\u00e5n Charlottes och Fredriks Stiftelse, en relativt ny stiftelse som har grundats av Charlotte och Fredrik \u00d6sterberg. St\u00f6det kommer att anv\u00e4ndas f\u00f6r att finansiera nyrekryteringar, satsningen p\u00e5 Framtidsakademin och en st\u00f6rre budget f\u00f6r event av olika slag.<\/p>\n","protected":false},"excerpt":{"rendered":"<p>Det \u00e4r mycket som h\u00e4nder i EA Sverige just nu! Vi har f\u00e5tt ut\u00f6kad finansiering b\u00e5de fr\u00e5n Centre for Effective Altruism och fr\u00e5n svenska filantroper, vi rekryterar f\u00f6r flera nya tj\u00e4nster och i april s\u00e5 flyttar vi till nya lokaler i Slakthusomr\u00e5det. Nya tj\u00e4nster: Head of Career Advice och Kommunikations- och projektassistent Vi rekryterar just [&hellip;]<\/p>\n","protected":false},"author":21,"featured_media":0,"comment_status":"closed","ping_status":"open","sticky":false,"template":"","format":"standard","meta":{"site-sidebar-layout":"default","site-content-layout":"","ast-site-content-layout":"default","site-content-style":"default","site-sidebar-style":"default","ast-global-header-display":"","ast-banner-title-visibility":"","ast-main-header-display":"","ast-hfb-above-header-display":"","ast-hfb-below-header-display":"","ast-hfb-mobile-header-display":"","site-post-title":"","ast-breadcrumbs-content":"","ast-featured-img":"","footer-sml-layout":"","ast-disable-related-posts":"","theme-transparent-header-meta":"","adv-header-id-meta":"","stick-header-meta":"","header-above-stick-meta":"","header-main-stick-meta":"","header-below-stick-meta":"","astra-migrate-meta-layouts":"set","ast-page-background-enabled":"default","ast-page-background-meta":{"desktop":{"background-color":"","background-image":"","background-repeat":"repeat","background-position":"center center","background-size":"auto","background-attachment":"scroll","background-type":"","background-media":"","overlay-type":"","overlay-color":"","overlay-opacity":"","overlay-gradient":""},"tablet":{"background-color":"","background-image":"","background-repeat":"repeat","background-position":"center center","background-size":"auto","background-attachment":"scroll","background-type":"","background-media":"","overlay-type":"","overlay-color":"","overlay-opacity":"","overlay-gradient":""},"mobile":{"background-color":"","background-image":"","background-repeat":"repeat","background-position":"center center","background-size":"auto","background-attachment":"scroll","background-type":"","background-media":"","overlay-type":"","overlay-color":"","overlay-opacity":"","overlay-gradient":""}},"ast-content-background-meta":{"desktop":{"background-color":"var(--ast-global-color-5)","background-image":"","background-repeat":"repeat","background-position":"center center","background-size":"auto","background-attachment":"scroll","background-type":"","background-media":"","overlay-type":"","overlay-color":"","overlay-opacity":"","overlay-gradient":""},"tablet":{"background-color":"var(--ast-global-color-5)","background-image":"","background-repeat":"repeat","background-position":"center center","background-size":"auto","background-attachment":"scroll","background-type":"","background-media":"","overlay-type":"","overlay-color":"","overlay-opacity":"","overlay-gradient":""},"mobile":{"background-color":"var(--ast-global-color-5)","background-image":"","background-repeat":"repeat","background-position":"center center","background-size":"auto","background-attachment":"scroll","background-type":"","background-media":"","overlay-type":"","overlay-color":"","overlay-opacity":"","overlay-gradient":""}},"footnotes":""},"categories":[1],"tags":[],"class_list":["post-11747","post","type-post","status-publish","format-standard","hentry","category-uncategorized"],"yoast_head":"<!-- This site is optimized with the Yoast SEO plugin v27.4 - https:\/\/yoast.com\/product\/yoast-seo-wordpress\/ -->\n<title>Vi flyttar till Slakthusomr\u00e5det och teamet v\u00e4xer - Effektiv Altruism<\/title>\n<meta name=\"robots\" content=\"index, follow, max-snippet:-1, max-image-preview:large, max-video-preview:-1\" \/>\n<link rel=\"canonical\" href=\"https:\/\/www.effektivaltruism.org\/en\/vi-flyttar-till-slakthusomradet-och-teamet-vaxer\/\" \/>\n<meta property=\"og:locale\" content=\"en_US\" \/>\n<meta property=\"og:type\" content=\"article\" \/>\n<meta property=\"og:title\" content=\"Vi flyttar till Slakthusomr\u00e5det och teamet v\u00e4xer - Effektiv Altruism\" \/>\n<meta property=\"og:description\" content=\"Det \u00e4r mycket som h\u00e4nder i EA Sverige just nu! Vi har f\u00e5tt ut\u00f6kad finansiering b\u00e5de fr\u00e5n Centre for Effective Altruism och fr\u00e5n svenska filantroper, vi rekryterar f\u00f6r flera nya tj\u00e4nster och i april s\u00e5 flyttar vi till nya lokaler i Slakthusomr\u00e5det. Nya tj\u00e4nster: Head of Career Advice och Kommunikations- och projektassistent Vi rekryterar just [&hellip;]\" \/>\n<meta property=\"og:url\" content=\"https:\/\/www.effektivaltruism.org\/en\/vi-flyttar-till-slakthusomradet-och-teamet-vaxer\/\" \/>\n<meta property=\"og:site_name\" content=\"Effektiv Altruism\" \/>\n<meta property=\"article:published_time\" content=\"2022-02-23T14:02:00+00:00\" \/>\n<meta property=\"article:modified_time\" content=\"2024-10-30T14:03:30+00:00\" \/>\n<meta property=\"og:image\" content=\"https:\/\/www.effektivaltruism.org\/wp-content\/uploads\/2024\/07\/Asset-1@13x.png\" \/>\n\t<meta property=\"og:image:width\" content=\"2258\" \/>\n\t<meta property=\"og:image:height\" content=\"1179\" \/>\n\t<meta property=\"og:image:type\" content=\"image\/png\" \/>\n<meta name=\"author\" content=\"client\" \/>\n<meta name=\"twitter:card\" content=\"summary_large_image\" \/>\n<meta name=\"twitter:label1\" content=\"Written by\" \/>\n\t<meta name=\"twitter:data1\" content=\"client\" \/>\n\t<meta name=\"twitter:label2\" content=\"Est. reading time\" \/>\n\t<meta name=\"twitter:data2\" content=\"3 minutes\" \/>\n<script type=\"application\/ld+json\" class=\"yoast-schema-graph\">{\"@context\":\"https:\\\/\\\/schema.org\",\"@graph\":[{\"@type\":\"Article\",\"@id\":\"https:\\\/\\\/www.effektivaltruism.org\\\/en\\\/vi-flyttar-till-slakthusomradet-och-teamet-vaxer\\\/#article\",\"isPartOf\":{\"@id\":\"https:\\\/\\\/www.effektivaltruism.org\\\/en\\\/vi-flyttar-till-slakthusomradet-och-teamet-vaxer\\\/\"},\"author\":{\"name\":\"client\",\"@id\":\"https:\\\/\\\/www.effektivaltruism.org\\\/#\\\/schema\\\/person\\\/8c5660544d57f01f5eb1bb8b471b89d1\"},\"headline\":\"Vi flyttar till Slakthusomr\u00e5det och teamet v\u00e4xer\",\"datePublished\":\"2022-02-23T14:02:00+00:00\",\"dateModified\":\"2024-10-30T14:03:30+00:00\",\"mainEntityOfPage\":{\"@id\":\"https:\\\/\\\/www.effektivaltruism.org\\\/en\\\/vi-flyttar-till-slakthusomradet-och-teamet-vaxer\\\/\"},\"wordCount\":667,\"publisher\":{\"@id\":\"https:\\\/\\\/www.effektivaltruism.org\\\/#organization\"},\"inLanguage\":\"en-US\"},{\"@type\":\"WebPage\",\"@id\":\"https:\\\/\\\/www.effektivaltruism.org\\\/en\\\/vi-flyttar-till-slakthusomradet-och-teamet-vaxer\\\/\",\"url\":\"https:\\\/\\\/www.effektivaltruism.org\\\/en\\\/vi-flyttar-till-slakthusomradet-och-teamet-vaxer\\\/\",\"name\":\"Vi flyttar till Slakthusomr\u00e5det och teamet v\u00e4xer - Effektiv Altruism\",\"isPartOf\":{\"@id\":\"https:\\\/\\\/www.effektivaltruism.org\\\/#website\"},\"datePublished\":\"2022-02-23T14:02:00+00:00\",\"dateModified\":\"2024-10-30T14:03:30+00:00\",\"breadcrumb\":{\"@id\":\"https:\\\/\\\/www.effektivaltruism.org\\\/en\\\/vi-flyttar-till-slakthusomradet-och-teamet-vaxer\\\/#breadcrumb\"},\"inLanguage\":\"en-US\",\"potentialAction\":[{\"@type\":\"ReadAction\",\"target\":[\"https:\\\/\\\/www.effektivaltruism.org\\\/en\\\/vi-flyttar-till-slakthusomradet-och-teamet-vaxer\\\/\"]}]},{\"@type\":\"BreadcrumbList\",\"@id\":\"https:\\\/\\\/www.effektivaltruism.org\\\/en\\\/vi-flyttar-till-slakthusomradet-och-teamet-vaxer\\\/#breadcrumb\",\"itemListElement\":[{\"@type\":\"ListItem\",\"position\":1,\"name\":\"Home\",\"item\":\"https:\\\/\\\/www.effektivaltruism.org\\\/\"},{\"@type\":\"ListItem\",\"position\":2,\"name\":\"Vi flyttar till Slakthusomr\u00e5det och teamet v\u00e4xer\"}]},{\"@type\":\"WebSite\",\"@id\":\"https:\\\/\\\/www.effektivaltruism.org\\\/#website\",\"url\":\"https:\\\/\\\/www.effektivaltruism.org\\\/\",\"name\":\"Effektiv Altruism\",\"description\":\"Support professionals to switch their career towards more impactful one\",\"publisher\":{\"@id\":\"https:\\\/\\\/www.effektivaltruism.org\\\/#organization\"},\"potentialAction\":[{\"@type\":\"SearchAction\",\"target\":{\"@type\":\"EntryPoint\",\"urlTemplate\":\"https:\\\/\\\/www.effektivaltruism.org\\\/?s={search_term_string}\"},\"query-input\":{\"@type\":\"PropertyValueSpecification\",\"valueRequired\":true,\"valueName\":\"search_term_string\"}}],\"inLanguage\":\"en-US\"},{\"@type\":\"Organization\",\"@id\":\"https:\\\/\\\/www.effektivaltruism.org\\\/#organization\",\"name\":\"Effektiv Altruism\",\"url\":\"https:\\\/\\\/www.effektivaltruism.org\\\/\",\"logo\":{\"@type\":\"ImageObject\",\"inLanguage\":\"en-US\",\"@id\":\"https:\\\/\\\/www.effektivaltruism.org\\\/#\\\/schema\\\/logo\\\/image\\\/\",\"url\":\"https:\\\/\\\/www.effektivaltruism.org\\\/wp-content\\\/uploads\\\/2024\\\/07\\\/Asset-1@13x.png\",\"contentUrl\":\"https:\\\/\\\/www.effektivaltruism.org\\\/wp-content\\\/uploads\\\/2024\\\/07\\\/Asset-1@13x.png\",\"width\":2258,\"height\":1179,\"caption\":\"Effektiv Altruism\"},\"image\":{\"@id\":\"https:\\\/\\\/www.effektivaltruism.org\\\/#\\\/schema\\\/logo\\\/image\\\/\"}},{\"@type\":\"Person\",\"@id\":\"https:\\\/\\\/www.effektivaltruism.org\\\/#\\\/schema\\\/person\\\/8c5660544d57f01f5eb1bb8b471b89d1\",\"name\":\"client\",\"image\":{\"@type\":\"ImageObject\",\"inLanguage\":\"en-US\",\"@id\":\"https:\\\/\\\/secure.gravatar.com\\\/avatar\\\/3b0ff358162cb6609de81b6ca82a9b84abfadff78a0eb4539adf9657a23fbd5a?s=96&d=mm&r=g\",\"url\":\"https:\\\/\\\/secure.gravatar.com\\\/avatar\\\/3b0ff358162cb6609de81b6ca82a9b84abfadff78a0eb4539adf9657a23fbd5a?s=96&d=mm&r=g\",\"contentUrl\":\"https:\\\/\\\/secure.gravatar.com\\\/avatar\\\/3b0ff358162cb6609de81b6ca82a9b84abfadff78a0eb4539adf9657a23fbd5a?s=96&d=mm&r=g\",\"caption\":\"client\"}}]}<\/script>\n<!-- \/ Yoast SEO plugin. -->","yoast_head_json":{"title":"Vi flyttar till Slakthusomr\u00e5det och teamet v\u00e4xer - Effektiv Altruism","robots":{"index":"index","follow":"follow","max-snippet":"max-snippet:-1","max-image-preview":"max-image-preview:large","max-video-preview":"max-video-preview:-1"},"canonical":"https:\/\/www.effektivaltruism.org\/en\/vi-flyttar-till-slakthusomradet-och-teamet-vaxer\/","og_locale":"en_US","og_type":"article","og_title":"Vi flyttar till Slakthusomr\u00e5det och teamet v\u00e4xer - Effektiv Altruism","og_description":"Det \u00e4r mycket som h\u00e4nder i EA Sverige just nu! Vi har f\u00e5tt ut\u00f6kad finansiering b\u00e5de fr\u00e5n Centre for Effective Altruism och fr\u00e5n svenska filantroper, vi rekryterar f\u00f6r flera nya tj\u00e4nster och i april s\u00e5 flyttar vi till nya lokaler i Slakthusomr\u00e5det. Nya tj\u00e4nster: Head of Career Advice och Kommunikations- och projektassistent Vi rekryterar just [&hellip;]","og_url":"https:\/\/www.effektivaltruism.org\/en\/vi-flyttar-till-slakthusomradet-och-teamet-vaxer\/","og_site_name":"Effektiv Altruism","article_published_time":"2022-02-23T14:02:00+00:00","article_modified_time":"2024-10-30T14:03:30+00:00","og_image":[{"width":2258,"height":1179,"url":"https:\/\/www.effektivaltruism.org\/wp-content\/uploads\/2024\/07\/Asset-1@13x.png","type":"image\/png"}],"author":"client","twitter_card":"summary_large_image","twitter_misc":{"Written by":"client","Est. reading time":"3 minutes"},"schema":{"@context":"https:\/\/schema.org","@graph":[{"@type":"Article","@id":"https:\/\/www.effektivaltruism.org\/en\/vi-flyttar-till-slakthusomradet-och-teamet-vaxer\/#article","isPartOf":{"@id":"https:\/\/www.effektivaltruism.org\/en\/vi-flyttar-till-slakthusomradet-och-teamet-vaxer\/"},"author":{"name":"client","@id":"https:\/\/www.effektivaltruism.org\/#\/schema\/person\/8c5660544d57f01f5eb1bb8b471b89d1"},"headline":"Vi flyttar till Slakthusomr\u00e5det och teamet v\u00e4xer","datePublished":"2022-02-23T14:02:00+00:00","dateModified":"2024-10-30T14:03:30+00:00","mainEntityOfPage":{"@id":"https:\/\/www.effektivaltruism.org\/en\/vi-flyttar-till-slakthusomradet-och-teamet-vaxer\/"},"wordCount":667,"publisher":{"@id":"https:\/\/www.effektivaltruism.org\/#organization"},"inLanguage":"en-US"},{"@type":"WebPage","@id":"https:\/\/www.effektivaltruism.org\/en\/vi-flyttar-till-slakthusomradet-och-teamet-vaxer\/","url":"https:\/\/www.effektivaltruism.org\/en\/vi-flyttar-till-slakthusomradet-och-teamet-vaxer\/","name":"Vi flyttar till Slakthusomr\u00e5det och teamet v\u00e4xer - Effektiv Altruism","isPartOf":{"@id":"https:\/\/www.effektivaltruism.org\/#website"},"datePublished":"2022-02-23T14:02:00+00:00","dateModified":"2024-10-30T14:03:30+00:00","breadcrumb":{"@id":"https:\/\/www.effektivaltruism.org\/en\/vi-flyttar-till-slakthusomradet-och-teamet-vaxer\/#breadcrumb"},"inLanguage":"en-US","potentialAction":[{"@type":"ReadAction","target":["https:\/\/www.effektivaltruism.org\/en\/vi-flyttar-till-slakthusomradet-och-teamet-vaxer\/"]}]},{"@type":"BreadcrumbList","@id":"https:\/\/www.effektivaltruism.org\/en\/vi-flyttar-till-slakthusomradet-och-teamet-vaxer\/#breadcrumb","itemListElement":[{"@type":"ListItem","position":1,"name":"Home","item":"https:\/\/www.effektivaltruism.org\/"},{"@type":"ListItem","position":2,"name":"Vi flyttar till Slakthusomr\u00e5det och teamet v\u00e4xer"}]},{"@type":"WebSite","@id":"https:\/\/www.effektivaltruism.org\/#website","url":"https:\/\/www.effektivaltruism.org\/","name":"Effektiv Altruism","description":"Support professionals to switch their career towards more impactful one","publisher":{"@id":"https:\/\/www.effektivaltruism.org\/#organization"},"potentialAction":[{"@type":"SearchAction","target":{"@type":"EntryPoint","urlTemplate":"https:\/\/www.effektivaltruism.org\/?s={search_term_string}"},"query-input":{"@type":"PropertyValueSpecification","valueRequired":true,"valueName":"search_term_string"}}],"inLanguage":"en-US"},{"@type":"Organization","@id":"https:\/\/www.effektivaltruism.org\/#organization","name":"Effektiv Altruism","url":"https:\/\/www.effektivaltruism.org\/","logo":{"@type":"ImageObject","inLanguage":"en-US","@id":"https:\/\/www.effektivaltruism.org\/#\/schema\/logo\/image\/","url":"https:\/\/www.effektivaltruism.org\/wp-content\/uploads\/2024\/07\/Asset-1@13x.png","contentUrl":"https:\/\/www.effektivaltruism.org\/wp-content\/uploads\/2024\/07\/Asset-1@13x.png","width":2258,"height":1179,"caption":"Effektiv Altruism"},"image":{"@id":"https:\/\/www.effektivaltruism.org\/#\/schema\/logo\/image\/"}},{"@type":"Person","@id":"https:\/\/www.effektivaltruism.org\/#\/schema\/person\/8c5660544d57f01f5eb1bb8b471b89d1","name":"client","image":{"@type":"ImageObject","inLanguage":"en-US","@id":"https:\/\/secure.gravatar.com\/avatar\/3b0ff358162cb6609de81b6ca82a9b84abfadff78a0eb4539adf9657a23fbd5a?s=96&d=mm&r=g","url":"https:\/\/secure.gravatar.com\/avatar\/3b0ff358162cb6609de81b6ca82a9b84abfadff78a0eb4539adf9657a23fbd5a?s=96&d=mm&r=g","contentUrl":"https:\/\/secure.gravatar.com\/avatar\/3b0ff358162cb6609de81b6ca82a9b84abfadff78a0eb4539adf9657a23fbd5a?s=96&d=mm&r=g","caption":"client"}}]}},"_links":{"self":[{"href":"https:\/\/www.effektivaltruism.org\/en\/wp-json\/wp\/v2\/posts\/11747","targetHints":{"allow":["GET"]}}],"collection":[{"href":"https:\/\/www.effektivaltruism.org\/en\/wp-json\/wp\/v2\/posts"}],"about":[{"href":"https:\/\/www.effektivaltruism.org\/en\/wp-json\/wp\/v2\/types\/post"}],"author":[{"embeddable":true,"href":"https:\/\/www.effektivaltruism.org\/en\/wp-json\/wp\/v2\/users\/21"}],"replies":[{"embeddable":true,"href":"https:\/\/www.effektivaltruism.org\/en\/wp-json\/wp\/v2\/comments?post=11747"}],"version-history":[{"count":1,"href":"https:\/\/www.effektivaltruism.org\/en\/wp-json\/wp\/v2\/posts\/11747\/revisions"}],"predecessor-version":[{"id":11748,"href":"https:\/\/www.effektivaltruism.org\/en\/wp-json\/wp\/v2\/posts\/11747\/revisions\/11748"}],"wp:attachment":[{"href":"https:\/\/www.effektivaltruism.org\/en\/wp-json\/wp\/v2\/media?parent=11747"}],"wp:term":[{"taxonomy":"category","embeddable":true,"href":"https:\/\/www.effektivaltruism.org\/en\/wp-json\/wp\/v2\/categories?post=11747"},{"taxonomy":"post_tag","embeddable":true,"href":"https:\/\/www.effektivaltruism.org\/en\/wp-json\/wp\/v2\/tags?post=11747"}],"curies":[{"name":"wp","href":"https:\/\/api.w.org\/{rel}","templated":true}]}}