{"id":11757,"date":"2023-01-05T14:44:00","date_gmt":"2023-01-05T14:44:00","guid":{"rendered":"https:\/\/www.effektivaltruism.org\/?p=11757"},"modified":"2024-10-30T14:45:15","modified_gmt":"2024-10-30T14:45:15","slug":"debattartikel-i-goteborgs-posten-vi-ar-inte-rustade-att-mota-de-extrema-risker-vi-star-infor-2","status":"publish","type":"post","link":"https:\/\/www.effektivaltruism.org\/en\/debattartikel-i-goteborgs-posten-vi-ar-inte-rustade-att-mota-de-extrema-risker-vi-star-infor-2\/","title":{"rendered":"Debattartikel i G\u00f6teborgs-Posten: \u201cVi \u00e4r inte rustade att m\u00f6ta de extrema risker vi st\u00e5r inf\u00f6r\u201d"},"content":{"rendered":"\n<p>De senaste \u00e5rens turbulens med en global pandemi, den p\u00e5g\u00e5ende invasionen av Ukraina och extrema v\u00e4derf\u00f6rh\u00e5llanden runtom i v\u00e4rlden har visat p\u00e5 det moderna samh\u00e4llets utsatthet. I G\u00f6teborgs-Posten skriver Olle H\u00e4ggstr\u00f6m, Max Tegmark och Anders Sandberg om hur Sverige och v\u00e4rlden kan f\u00f6rbereda sig inf\u00f6r existentiella risker. De f\u00f6resl\u00e5r flertalet \u00e5tg\u00e4rder som beh\u00f6ver vidtas f\u00f6r att h\u00f6ja beredskapen inf\u00f6r klimatf\u00f6r\u00e4ndringar, AGI-risker, k\u00e4rnvapenkrig och pandemier. Artikeln lyfter vikten av att t\u00e4nka l\u00e5ngsiktigt och vara redo f\u00f6r ett brett spektrum av extrema risker.\u00a0<\/p>\n\n\n\n<p><a href=\"https:\/\/www.gp.se\/debatt\/vi-%C3%A4r-inte-rustade-att-m%C3%B6ta-de-extrema-risker-vi-st%C3%A5r-inf%C3%B6r-1.80972288\" target=\"_blank\" rel=\"noreferrer noopener\">L\u00e4s hela artikeln h\u00e4r!<\/a><\/p>\n\n\n\n<div class=\"wp-block-cover\"><span aria-hidden=\"true\" class=\"wp-block-cover__background has-background-dim\"><\/span><img fetchpriority=\"high\" decoding=\"async\" width=\"1024\" height=\"512\" class=\"wp-block-cover__image-background wp-image-11758\" alt=\"\u00d6ka m\u00e4ngden epidemiologisk data som delas internationellt. Verka f\u00f6r ett globalt stopp f\u00f6r s\u00e5 kallat \u201cgain of function research\u201d, det vill s\u00e4ga forskning som syftar till att modifiera virus till att bli smittsammare eller p\u00e5 annat s\u00e4tt farligare, skriver debatt\u00f6rerna. Bild: Frank Augstein\" src=\"https:\/\/www.effektivaltruism.org\/wp-content\/uploads\/2024\/10\/image-1-1024x512.jpg\" data-object-fit=\"cover\" srcset=\"https:\/\/www.effektivaltruism.org\/wp-content\/uploads\/2024\/10\/image-1-1024x512.jpg 1024w, https:\/\/www.effektivaltruism.org\/wp-content\/uploads\/2024\/10\/image-1-300x150.jpg 300w, https:\/\/www.effektivaltruism.org\/wp-content\/uploads\/2024\/10\/image-1-768x384.jpg 768w, https:\/\/www.effektivaltruism.org\/wp-content\/uploads\/2024\/10\/image-1.jpg 1361w\" sizes=\"(max-width: 1024px) 100vw, 1024px\" \/><div class=\"wp-block-cover__inner-container is-layout-flow wp-block-cover-is-layout-flow\">\n<p class=\"has-text-align-center has-large-font-size\"><\/p>\n\n\n\n<p><\/p>\n<\/div><\/div>\n\n\n\n<p><em>\u00d6ka m\u00e4ngden epidemiologisk data som delas internationellt. Verka f\u00f6r ett globalt stopp f\u00f6r s\u00e5 kallat \u201cgain of function research\u201d, det vill s\u00e4ga forskning som syftar till att modifiera virus till att bli smittsammare eller p\u00e5 annat s\u00e4tt farligare, skriver debatt\u00f6rerna.<\/em><br><em>Bild: Frank Augstein<\/em><\/p>\n","protected":false},"excerpt":{"rendered":"<p>De senaste \u00e5rens turbulens med en global pandemi, den p\u00e5g\u00e5ende invasionen av Ukraina och extrema v\u00e4derf\u00f6rh\u00e5llanden runtom i v\u00e4rlden har visat p\u00e5 det moderna samh\u00e4llets utsatthet. I G\u00f6teborgs-Posten skriver Olle H\u00e4ggstr\u00f6m, Max Tegmark och Anders Sandberg om hur Sverige och v\u00e4rlden kan f\u00f6rbereda sig inf\u00f6r existentiella risker. De f\u00f6resl\u00e5r flertalet \u00e5tg\u00e4rder som beh\u00f6ver vidtas f\u00f6r [&hellip;]<\/p>\n","protected":false},"author":21,"featured_media":0,"comment_status":"closed","ping_status":"open","sticky":false,"template":"","format":"standard","meta":{"site-sidebar-layout":"default","site-content-layout":"","ast-site-content-layout":"default","site-content-style":"default","site-sidebar-style":"default","ast-global-header-display":"","ast-banner-title-visibility":"","ast-main-header-display":"","ast-hfb-above-header-display":"","ast-hfb-below-header-display":"","ast-hfb-mobile-header-display":"","site-post-title":"","ast-breadcrumbs-content":"","ast-featured-img":"","footer-sml-layout":"","ast-disable-related-posts":"","theme-transparent-header-meta":"","adv-header-id-meta":"","stick-header-meta":"","header-above-stick-meta":"","header-main-stick-meta":"","header-below-stick-meta":"","astra-migrate-meta-layouts":"set","ast-page-background-enabled":"default","ast-page-background-meta":{"desktop":{"background-color":"","background-image":"","background-repeat":"repeat","background-position":"center center","background-size":"auto","background-attachment":"scroll","background-type":"","background-media":"","overlay-type":"","overlay-color":"","overlay-opacity":"","overlay-gradient":""},"tablet":{"background-color":"","background-image":"","background-repeat":"repeat","background-position":"center center","background-size":"auto","background-attachment":"scroll","background-type":"","background-media":"","overlay-type":"","overlay-color":"","overlay-opacity":"","overlay-gradient":""},"mobile":{"background-color":"","background-image":"","background-repeat":"repeat","background-position":"center center","background-size":"auto","background-attachment":"scroll","background-type":"","background-media":"","overlay-type":"","overlay-color":"","overlay-opacity":"","overlay-gradient":""}},"ast-content-background-meta":{"desktop":{"background-color":"var(--ast-global-color-5)","background-image":"","background-repeat":"repeat","background-position":"center center","background-size":"auto","background-attachment":"scroll","background-type":"","background-media":"","overlay-type":"","overlay-color":"","overlay-opacity":"","overlay-gradient":""},"tablet":{"background-color":"var(--ast-global-color-5)","background-image":"","background-repeat":"repeat","background-position":"center center","background-size":"auto","background-attachment":"scroll","background-type":"","background-media":"","overlay-type":"","overlay-color":"","overlay-opacity":"","overlay-gradient":""},"mobile":{"background-color":"var(--ast-global-color-5)","background-image":"","background-repeat":"repeat","background-position":"center center","background-size":"auto","background-attachment":"scroll","background-type":"","background-media":"","overlay-type":"","overlay-color":"","overlay-opacity":"","overlay-gradient":""}},"footnotes":""},"categories":[1],"tags":[],"class_list":["post-11757","post","type-post","status-publish","format-standard","hentry","category-uncategorized"],"yoast_head":"<!-- This site is optimized with the Yoast SEO plugin v27.4 - https:\/\/yoast.com\/product\/yoast-seo-wordpress\/ -->\n<title>Debattartikel i G\u00f6teborgs-Posten: \u201cVi \u00e4r inte rustade att m\u00f6ta de extrema risker vi st\u00e5r inf\u00f6r\u201d - Effektiv Altruism<\/title>\n<meta name=\"robots\" content=\"index, follow, max-snippet:-1, max-image-preview:large, max-video-preview:-1\" \/>\n<link rel=\"canonical\" href=\"https:\/\/www.effektivaltruism.org\/en\/debattartikel-i-goteborgs-posten-vi-ar-inte-rustade-att-mota-de-extrema-risker-vi-star-infor-2\/\" \/>\n<meta property=\"og:locale\" content=\"en_US\" \/>\n<meta property=\"og:type\" content=\"article\" \/>\n<meta property=\"og:title\" content=\"Debattartikel i G\u00f6teborgs-Posten: \u201cVi \u00e4r inte rustade att m\u00f6ta de extrema risker vi st\u00e5r inf\u00f6r\u201d - Effektiv Altruism\" \/>\n<meta property=\"og:description\" content=\"De senaste \u00e5rens turbulens med en global pandemi, den p\u00e5g\u00e5ende invasionen av Ukraina och extrema v\u00e4derf\u00f6rh\u00e5llanden runtom i v\u00e4rlden har visat p\u00e5 det moderna samh\u00e4llets utsatthet. I G\u00f6teborgs-Posten skriver Olle H\u00e4ggstr\u00f6m, Max Tegmark och Anders Sandberg om hur Sverige och v\u00e4rlden kan f\u00f6rbereda sig inf\u00f6r existentiella risker. De f\u00f6resl\u00e5r flertalet \u00e5tg\u00e4rder som beh\u00f6ver vidtas f\u00f6r [&hellip;]\" \/>\n<meta property=\"og:url\" content=\"https:\/\/www.effektivaltruism.org\/en\/debattartikel-i-goteborgs-posten-vi-ar-inte-rustade-att-mota-de-extrema-risker-vi-star-infor-2\/\" \/>\n<meta property=\"og:site_name\" content=\"Effektiv Altruism\" \/>\n<meta property=\"article:published_time\" content=\"2023-01-05T14:44:00+00:00\" \/>\n<meta property=\"article:modified_time\" content=\"2024-10-30T14:45:15+00:00\" \/>\n<meta property=\"og:image\" content=\"https:\/\/www.effektivaltruism.org\/wp-content\/uploads\/2024\/07\/Asset-1@13x.png\" \/>\n\t<meta property=\"og:image:width\" content=\"2258\" \/>\n\t<meta property=\"og:image:height\" content=\"1179\" \/>\n\t<meta property=\"og:image:type\" content=\"image\/png\" \/><meta property=\"og:image\" content=\"https:\/\/www.effektivaltruism.org\/wp-content\/uploads\/2024\/10\/image-1-1024x512.jpg\" \/>\n<meta name=\"author\" content=\"client\" \/>\n<meta name=\"twitter:card\" content=\"summary_large_image\" \/>\n<meta name=\"twitter:label1\" content=\"Written by\" \/>\n\t<meta name=\"twitter:data1\" content=\"client\" \/>\n\t<meta name=\"twitter:label2\" content=\"Est. reading time\" \/>\n\t<meta name=\"twitter:data2\" content=\"1 minute\" \/>\n<script type=\"application\/ld+json\" class=\"yoast-schema-graph\">{\"@context\":\"https:\\\/\\\/schema.org\",\"@graph\":[{\"@type\":\"Article\",\"@id\":\"https:\\\/\\\/www.effektivaltruism.org\\\/en\\\/debattartikel-i-goteborgs-posten-vi-ar-inte-rustade-att-mota-de-extrema-risker-vi-star-infor-2\\\/#article\",\"isPartOf\":{\"@id\":\"https:\\\/\\\/www.effektivaltruism.org\\\/en\\\/debattartikel-i-goteborgs-posten-vi-ar-inte-rustade-att-mota-de-extrema-risker-vi-star-infor-2\\\/\"},\"author\":{\"name\":\"client\",\"@id\":\"https:\\\/\\\/www.effektivaltruism.org\\\/#\\\/schema\\\/person\\\/8c5660544d57f01f5eb1bb8b471b89d1\"},\"headline\":\"Debattartikel i G\u00f6teborgs-Posten: \u201cVi \u00e4r inte rustade att m\u00f6ta de extrema risker vi st\u00e5r inf\u00f6r\u201d\",\"datePublished\":\"2023-01-05T14:44:00+00:00\",\"dateModified\":\"2024-10-30T14:45:15+00:00\",\"mainEntityOfPage\":{\"@id\":\"https:\\\/\\\/www.effektivaltruism.org\\\/en\\\/debattartikel-i-goteborgs-posten-vi-ar-inte-rustade-att-mota-de-extrema-risker-vi-star-infor-2\\\/\"},\"wordCount\":181,\"publisher\":{\"@id\":\"https:\\\/\\\/www.effektivaltruism.org\\\/#organization\"},\"image\":{\"@id\":\"https:\\\/\\\/www.effektivaltruism.org\\\/en\\\/debattartikel-i-goteborgs-posten-vi-ar-inte-rustade-att-mota-de-extrema-risker-vi-star-infor-2\\\/#primaryimage\"},\"thumbnailUrl\":\"https:\\\/\\\/www.effektivaltruism.org\\\/wp-content\\\/uploads\\\/2024\\\/10\\\/image-1-1024x512.jpg\",\"inLanguage\":\"en-US\"},{\"@type\":\"WebPage\",\"@id\":\"https:\\\/\\\/www.effektivaltruism.org\\\/en\\\/debattartikel-i-goteborgs-posten-vi-ar-inte-rustade-att-mota-de-extrema-risker-vi-star-infor-2\\\/\",\"url\":\"https:\\\/\\\/www.effektivaltruism.org\\\/en\\\/debattartikel-i-goteborgs-posten-vi-ar-inte-rustade-att-mota-de-extrema-risker-vi-star-infor-2\\\/\",\"name\":\"Debattartikel i G\u00f6teborgs-Posten: \u201cVi \u00e4r inte rustade att m\u00f6ta de extrema risker vi st\u00e5r inf\u00f6r\u201d - Effektiv Altruism\",\"isPartOf\":{\"@id\":\"https:\\\/\\\/www.effektivaltruism.org\\\/#website\"},\"primaryImageOfPage\":{\"@id\":\"https:\\\/\\\/www.effektivaltruism.org\\\/en\\\/debattartikel-i-goteborgs-posten-vi-ar-inte-rustade-att-mota-de-extrema-risker-vi-star-infor-2\\\/#primaryimage\"},\"image\":{\"@id\":\"https:\\\/\\\/www.effektivaltruism.org\\\/en\\\/debattartikel-i-goteborgs-posten-vi-ar-inte-rustade-att-mota-de-extrema-risker-vi-star-infor-2\\\/#primaryimage\"},\"thumbnailUrl\":\"https:\\\/\\\/www.effektivaltruism.org\\\/wp-content\\\/uploads\\\/2024\\\/10\\\/image-1-1024x512.jpg\",\"datePublished\":\"2023-01-05T14:44:00+00:00\",\"dateModified\":\"2024-10-30T14:45:15+00:00\",\"breadcrumb\":{\"@id\":\"https:\\\/\\\/www.effektivaltruism.org\\\/en\\\/debattartikel-i-goteborgs-posten-vi-ar-inte-rustade-att-mota-de-extrema-risker-vi-star-infor-2\\\/#breadcrumb\"},\"inLanguage\":\"en-US\",\"potentialAction\":[{\"@type\":\"ReadAction\",\"target\":[\"https:\\\/\\\/www.effektivaltruism.org\\\/en\\\/debattartikel-i-goteborgs-posten-vi-ar-inte-rustade-att-mota-de-extrema-risker-vi-star-infor-2\\\/\"]}]},{\"@type\":\"ImageObject\",\"inLanguage\":\"en-US\",\"@id\":\"https:\\\/\\\/www.effektivaltruism.org\\\/en\\\/debattartikel-i-goteborgs-posten-vi-ar-inte-rustade-att-mota-de-extrema-risker-vi-star-infor-2\\\/#primaryimage\",\"url\":\"https:\\\/\\\/www.effektivaltruism.org\\\/wp-content\\\/uploads\\\/2024\\\/10\\\/image-1-1024x512.jpg\",\"contentUrl\":\"https:\\\/\\\/www.effektivaltruism.org\\\/wp-content\\\/uploads\\\/2024\\\/10\\\/image-1-1024x512.jpg\"},{\"@type\":\"BreadcrumbList\",\"@id\":\"https:\\\/\\\/www.effektivaltruism.org\\\/en\\\/debattartikel-i-goteborgs-posten-vi-ar-inte-rustade-att-mota-de-extrema-risker-vi-star-infor-2\\\/#breadcrumb\",\"itemListElement\":[{\"@type\":\"ListItem\",\"position\":1,\"name\":\"Home\",\"item\":\"https:\\\/\\\/www.effektivaltruism.org\\\/\"},{\"@type\":\"ListItem\",\"position\":2,\"name\":\"Debattartikel i G\u00f6teborgs-Posten: \u201cVi \u00e4r inte rustade att m\u00f6ta de extrema risker vi st\u00e5r inf\u00f6r\u201d\"}]},{\"@type\":\"WebSite\",\"@id\":\"https:\\\/\\\/www.effektivaltruism.org\\\/#website\",\"url\":\"https:\\\/\\\/www.effektivaltruism.org\\\/\",\"name\":\"Effektiv Altruism\",\"description\":\"Support professionals to switch their career towards more impactful one\",\"publisher\":{\"@id\":\"https:\\\/\\\/www.effektivaltruism.org\\\/#organization\"},\"potentialAction\":[{\"@type\":\"SearchAction\",\"target\":{\"@type\":\"EntryPoint\",\"urlTemplate\":\"https:\\\/\\\/www.effektivaltruism.org\\\/?s={search_term_string}\"},\"query-input\":{\"@type\":\"PropertyValueSpecification\",\"valueRequired\":true,\"valueName\":\"search_term_string\"}}],\"inLanguage\":\"en-US\"},{\"@type\":\"Organization\",\"@id\":\"https:\\\/\\\/www.effektivaltruism.org\\\/#organization\",\"name\":\"Effektiv Altruism\",\"url\":\"https:\\\/\\\/www.effektivaltruism.org\\\/\",\"logo\":{\"@type\":\"ImageObject\",\"inLanguage\":\"en-US\",\"@id\":\"https:\\\/\\\/www.effektivaltruism.org\\\/#\\\/schema\\\/logo\\\/image\\\/\",\"url\":\"https:\\\/\\\/www.effektivaltruism.org\\\/wp-content\\\/uploads\\\/2024\\\/07\\\/Asset-1@13x.png\",\"contentUrl\":\"https:\\\/\\\/www.effektivaltruism.org\\\/wp-content\\\/uploads\\\/2024\\\/07\\\/Asset-1@13x.png\",\"width\":2258,\"height\":1179,\"caption\":\"Effektiv Altruism\"},\"image\":{\"@id\":\"https:\\\/\\\/www.effektivaltruism.org\\\/#\\\/schema\\\/logo\\\/image\\\/\"}},{\"@type\":\"Person\",\"@id\":\"https:\\\/\\\/www.effektivaltruism.org\\\/#\\\/schema\\\/person\\\/8c5660544d57f01f5eb1bb8b471b89d1\",\"name\":\"client\",\"image\":{\"@type\":\"ImageObject\",\"inLanguage\":\"en-US\",\"@id\":\"https:\\\/\\\/secure.gravatar.com\\\/avatar\\\/3b0ff358162cb6609de81b6ca82a9b84abfadff78a0eb4539adf9657a23fbd5a?s=96&d=mm&r=g\",\"url\":\"https:\\\/\\\/secure.gravatar.com\\\/avatar\\\/3b0ff358162cb6609de81b6ca82a9b84abfadff78a0eb4539adf9657a23fbd5a?s=96&d=mm&r=g\",\"contentUrl\":\"https:\\\/\\\/secure.gravatar.com\\\/avatar\\\/3b0ff358162cb6609de81b6ca82a9b84abfadff78a0eb4539adf9657a23fbd5a?s=96&d=mm&r=g\",\"caption\":\"client\"}}]}<\/script>\n<!-- \/ Yoast SEO plugin. -->","yoast_head_json":{"title":"Debattartikel i G\u00f6teborgs-Posten: \u201cVi \u00e4r inte rustade att m\u00f6ta de extrema risker vi st\u00e5r inf\u00f6r\u201d - Effektiv Altruism","robots":{"index":"index","follow":"follow","max-snippet":"max-snippet:-1","max-image-preview":"max-image-preview:large","max-video-preview":"max-video-preview:-1"},"canonical":"https:\/\/www.effektivaltruism.org\/en\/debattartikel-i-goteborgs-posten-vi-ar-inte-rustade-att-mota-de-extrema-risker-vi-star-infor-2\/","og_locale":"en_US","og_type":"article","og_title":"Debattartikel i G\u00f6teborgs-Posten: \u201cVi \u00e4r inte rustade att m\u00f6ta de extrema risker vi st\u00e5r inf\u00f6r\u201d - Effektiv Altruism","og_description":"De senaste \u00e5rens turbulens med en global pandemi, den p\u00e5g\u00e5ende invasionen av Ukraina och extrema v\u00e4derf\u00f6rh\u00e5llanden runtom i v\u00e4rlden har visat p\u00e5 det moderna samh\u00e4llets utsatthet. I G\u00f6teborgs-Posten skriver Olle H\u00e4ggstr\u00f6m, Max Tegmark och Anders Sandberg om hur Sverige och v\u00e4rlden kan f\u00f6rbereda sig inf\u00f6r existentiella risker. De f\u00f6resl\u00e5r flertalet \u00e5tg\u00e4rder som beh\u00f6ver vidtas f\u00f6r [&hellip;]","og_url":"https:\/\/www.effektivaltruism.org\/en\/debattartikel-i-goteborgs-posten-vi-ar-inte-rustade-att-mota-de-extrema-risker-vi-star-infor-2\/","og_site_name":"Effektiv Altruism","article_published_time":"2023-01-05T14:44:00+00:00","article_modified_time":"2024-10-30T14:45:15+00:00","og_image":[{"width":2258,"height":1179,"url":"https:\/\/www.effektivaltruism.org\/wp-content\/uploads\/2024\/07\/Asset-1@13x.png","type":"image\/png"},{"url":"https:\/\/www.effektivaltruism.org\/wp-content\/uploads\/2024\/10\/image-1-1024x512.jpg","type":"","width":"","height":""}],"author":"client","twitter_card":"summary_large_image","twitter_misc":{"Written by":"client","Est. reading time":"1 minute"},"schema":{"@context":"https:\/\/schema.org","@graph":[{"@type":"Article","@id":"https:\/\/www.effektivaltruism.org\/en\/debattartikel-i-goteborgs-posten-vi-ar-inte-rustade-att-mota-de-extrema-risker-vi-star-infor-2\/#article","isPartOf":{"@id":"https:\/\/www.effektivaltruism.org\/en\/debattartikel-i-goteborgs-posten-vi-ar-inte-rustade-att-mota-de-extrema-risker-vi-star-infor-2\/"},"author":{"name":"client","@id":"https:\/\/www.effektivaltruism.org\/#\/schema\/person\/8c5660544d57f01f5eb1bb8b471b89d1"},"headline":"Debattartikel i G\u00f6teborgs-Posten: \u201cVi \u00e4r inte rustade att m\u00f6ta de extrema risker vi st\u00e5r inf\u00f6r\u201d","datePublished":"2023-01-05T14:44:00+00:00","dateModified":"2024-10-30T14:45:15+00:00","mainEntityOfPage":{"@id":"https:\/\/www.effektivaltruism.org\/en\/debattartikel-i-goteborgs-posten-vi-ar-inte-rustade-att-mota-de-extrema-risker-vi-star-infor-2\/"},"wordCount":181,"publisher":{"@id":"https:\/\/www.effektivaltruism.org\/#organization"},"image":{"@id":"https:\/\/www.effektivaltruism.org\/en\/debattartikel-i-goteborgs-posten-vi-ar-inte-rustade-att-mota-de-extrema-risker-vi-star-infor-2\/#primaryimage"},"thumbnailUrl":"https:\/\/www.effektivaltruism.org\/wp-content\/uploads\/2024\/10\/image-1-1024x512.jpg","inLanguage":"en-US"},{"@type":"WebPage","@id":"https:\/\/www.effektivaltruism.org\/en\/debattartikel-i-goteborgs-posten-vi-ar-inte-rustade-att-mota-de-extrema-risker-vi-star-infor-2\/","url":"https:\/\/www.effektivaltruism.org\/en\/debattartikel-i-goteborgs-posten-vi-ar-inte-rustade-att-mota-de-extrema-risker-vi-star-infor-2\/","name":"Debattartikel i G\u00f6teborgs-Posten: \u201cVi \u00e4r inte rustade att m\u00f6ta de extrema risker vi st\u00e5r inf\u00f6r\u201d - Effektiv Altruism","isPartOf":{"@id":"https:\/\/www.effektivaltruism.org\/#website"},"primaryImageOfPage":{"@id":"https:\/\/www.effektivaltruism.org\/en\/debattartikel-i-goteborgs-posten-vi-ar-inte-rustade-att-mota-de-extrema-risker-vi-star-infor-2\/#primaryimage"},"image":{"@id":"https:\/\/www.effektivaltruism.org\/en\/debattartikel-i-goteborgs-posten-vi-ar-inte-rustade-att-mota-de-extrema-risker-vi-star-infor-2\/#primaryimage"},"thumbnailUrl":"https:\/\/www.effektivaltruism.org\/wp-content\/uploads\/2024\/10\/image-1-1024x512.jpg","datePublished":"2023-01-05T14:44:00+00:00","dateModified":"2024-10-30T14:45:15+00:00","breadcrumb":{"@id":"https:\/\/www.effektivaltruism.org\/en\/debattartikel-i-goteborgs-posten-vi-ar-inte-rustade-att-mota-de-extrema-risker-vi-star-infor-2\/#breadcrumb"},"inLanguage":"en-US","potentialAction":[{"@type":"ReadAction","target":["https:\/\/www.effektivaltruism.org\/en\/debattartikel-i-goteborgs-posten-vi-ar-inte-rustade-att-mota-de-extrema-risker-vi-star-infor-2\/"]}]},{"@type":"ImageObject","inLanguage":"en-US","@id":"https:\/\/www.effektivaltruism.org\/en\/debattartikel-i-goteborgs-posten-vi-ar-inte-rustade-att-mota-de-extrema-risker-vi-star-infor-2\/#primaryimage","url":"https:\/\/www.effektivaltruism.org\/wp-content\/uploads\/2024\/10\/image-1-1024x512.jpg","contentUrl":"https:\/\/www.effektivaltruism.org\/wp-content\/uploads\/2024\/10\/image-1-1024x512.jpg"},{"@type":"BreadcrumbList","@id":"https:\/\/www.effektivaltruism.org\/en\/debattartikel-i-goteborgs-posten-vi-ar-inte-rustade-att-mota-de-extrema-risker-vi-star-infor-2\/#breadcrumb","itemListElement":[{"@type":"ListItem","position":1,"name":"Home","item":"https:\/\/www.effektivaltruism.org\/"},{"@type":"ListItem","position":2,"name":"Debattartikel i G\u00f6teborgs-Posten: \u201cVi \u00e4r inte rustade att m\u00f6ta de extrema risker vi st\u00e5r inf\u00f6r\u201d"}]},{"@type":"WebSite","@id":"https:\/\/www.effektivaltruism.org\/#website","url":"https:\/\/www.effektivaltruism.org\/","name":"Effektiv Altruism","description":"Support professionals to switch their career towards more impactful one","publisher":{"@id":"https:\/\/www.effektivaltruism.org\/#organization"},"potentialAction":[{"@type":"SearchAction","target":{"@type":"EntryPoint","urlTemplate":"https:\/\/www.effektivaltruism.org\/?s={search_term_string}"},"query-input":{"@type":"PropertyValueSpecification","valueRequired":true,"valueName":"search_term_string"}}],"inLanguage":"en-US"},{"@type":"Organization","@id":"https:\/\/www.effektivaltruism.org\/#organization","name":"Effektiv Altruism","url":"https:\/\/www.effektivaltruism.org\/","logo":{"@type":"ImageObject","inLanguage":"en-US","@id":"https:\/\/www.effektivaltruism.org\/#\/schema\/logo\/image\/","url":"https:\/\/www.effektivaltruism.org\/wp-content\/uploads\/2024\/07\/Asset-1@13x.png","contentUrl":"https:\/\/www.effektivaltruism.org\/wp-content\/uploads\/2024\/07\/Asset-1@13x.png","width":2258,"height":1179,"caption":"Effektiv Altruism"},"image":{"@id":"https:\/\/www.effektivaltruism.org\/#\/schema\/logo\/image\/"}},{"@type":"Person","@id":"https:\/\/www.effektivaltruism.org\/#\/schema\/person\/8c5660544d57f01f5eb1bb8b471b89d1","name":"client","image":{"@type":"ImageObject","inLanguage":"en-US","@id":"https:\/\/secure.gravatar.com\/avatar\/3b0ff358162cb6609de81b6ca82a9b84abfadff78a0eb4539adf9657a23fbd5a?s=96&d=mm&r=g","url":"https:\/\/secure.gravatar.com\/avatar\/3b0ff358162cb6609de81b6ca82a9b84abfadff78a0eb4539adf9657a23fbd5a?s=96&d=mm&r=g","contentUrl":"https:\/\/secure.gravatar.com\/avatar\/3b0ff358162cb6609de81b6ca82a9b84abfadff78a0eb4539adf9657a23fbd5a?s=96&d=mm&r=g","caption":"client"}}]}},"_links":{"self":[{"href":"https:\/\/www.effektivaltruism.org\/en\/wp-json\/wp\/v2\/posts\/11757","targetHints":{"allow":["GET"]}}],"collection":[{"href":"https:\/\/www.effektivaltruism.org\/en\/wp-json\/wp\/v2\/posts"}],"about":[{"href":"https:\/\/www.effektivaltruism.org\/en\/wp-json\/wp\/v2\/types\/post"}],"author":[{"embeddable":true,"href":"https:\/\/www.effektivaltruism.org\/en\/wp-json\/wp\/v2\/users\/21"}],"replies":[{"embeddable":true,"href":"https:\/\/www.effektivaltruism.org\/en\/wp-json\/wp\/v2\/comments?post=11757"}],"version-history":[{"count":2,"href":"https:\/\/www.effektivaltruism.org\/en\/wp-json\/wp\/v2\/posts\/11757\/revisions"}],"predecessor-version":[{"id":11761,"href":"https:\/\/www.effektivaltruism.org\/en\/wp-json\/wp\/v2\/posts\/11757\/revisions\/11761"}],"wp:attachment":[{"href":"https:\/\/www.effektivaltruism.org\/en\/wp-json\/wp\/v2\/media?parent=11757"}],"wp:term":[{"taxonomy":"category","embeddable":true,"href":"https:\/\/www.effektivaltruism.org\/en\/wp-json\/wp\/v2\/categories?post=11757"},{"taxonomy":"post_tag","embeddable":true,"href":"https:\/\/www.effektivaltruism.org\/en\/wp-json\/wp\/v2\/tags?post=11757"}],"curies":[{"name":"wp","href":"https:\/\/api.w.org\/{rel}","templated":true}]}}