{"id":11804,"date":"2023-09-10T15:31:00","date_gmt":"2023-09-10T15:31:00","guid":{"rendered":"https:\/\/www.effektivaltruism.org\/?p=11804"},"modified":"2024-10-30T15:33:17","modified_gmt":"2024-10-30T15:33:17","slug":"bokcirkel-vad-framtiden-fortjanar-i-samarbete-med-volante","status":"publish","type":"post","link":"https:\/\/www.effektivaltruism.org\/en\/bokcirkel-vad-framtiden-fortjanar-i-samarbete-med-volante\/","title":{"rendered":"Bokcirkel &#8220;Vad framtiden f\u00f6rtj\u00e4nar&#8221; i samarbete med Volante"},"content":{"rendered":"\n<p>Effektiv Altruism Sverige (EA Sverige) bjuder i samarbete med Volante in till en bokcirkel f\u00f6r att l\u00e4sa och diskutera <em>Vad framtiden f\u00f6rtj\u00e4nar &#8211; Att planera f\u00f6r en miljon \u00e5r<\/em> av William MacAskill. I boken presenterar MacAskill bland annat begreppet longtermism \u2013 insikten om hur avg\u00f6rande vissa av de beslut vi tar idag kan bli f\u00f6r m\u00e4nsklighetens framtid. Vi lever i historiens b\u00f6rjan, i det mest avl\u00e4gsna f\u00f6rflutna. <a href=\"https:\/\/volante.se\/texter\/det-riktigt-langa-perspektivet\/\">L\u00e4s inledningen av boken h\u00e4r<\/a>.<\/p>\n\n\n\n<h3 class=\"wp-block-heading\">Uppl\u00e4gg<\/h3>\n\n\n\n<p>Vid fem kv\u00e4llar under h\u00f6sten 2023 tr\u00e4ffas vi och diskuterar begrepp och tankar som presenteras i boken. Inf\u00f6r tr\u00e4ffarna l\u00e4ser vi valda delar av boken som underlag f\u00f6r diskussionerna.<\/p>\n\n\n\n<p><strong>Del 1 &#8211; Det l\u00e5nga perspektivet:<\/strong><\/p>\n\n\n\n<p>Vad erbjuder framtiden f\u00f6r m\u00f6jligheter? Hur viktigt \u00e4r det att f\u00f6rs\u00f6ka skapa en l\u00e5ng framtid och \u00f6kad livskvalitet f\u00f6r framtida generationer? Kan vi verkligen p\u00e5verka framtiden? L\u00e4sning: <em>Inledningen<\/em>, kapitel 1, <em>\u201cLongtermismens f\u00f6rtj\u00e4nster\u201d<\/em> och kapitel 2, <em>\u201cHistorien formas av dig\u201d<\/em>.<\/p>\n\n\n\n<p><strong>Del 2 &#8211; Sp\u00e5rbyten:<\/strong><\/p>\n\n\n\n<p>Vi tar hj\u00e4lp av historiska exempel, som Abolitionism-r\u00f6relsen i 1800-talets USA vars inflytande f\u00f6r\u00e4ndrade grundl\u00e4ggande v\u00e4rderingar, eller till synes slumpm\u00e4ssiga h\u00e4ndelser som gjorde att konfucianska v\u00e4rderingar kom att dominera i Kina i 2000 \u00e5r. Kan vi \u00f6ka kvaliteten p\u00e5 livsupplevelsen f\u00f6r framtidens m\u00e4nniskor? L\u00e4sning: Kapitel 3, <em>\u201cMoraliska skiften\u201d<\/em> och kapitel 4, <em>\u201cNorminl\u00e5sning\u201d<\/em>.<\/p>\n\n\n\n<p><strong>Del 3 &#8211; Skydda civilisationen:<\/strong><\/p>\n\n\n\n<p>MacAskill lyfter tre s\u00e4tt d\u00e4r vi kan komma att f\u00f6rg\u00f6ra civilisationen. Genom <em>utpl\u00e5ning<\/em> (kapitel 5), som pandemier och storskaliga krig, <em>kollaps<\/em> (kapitel 6), med romarriket och klimatf\u00f6r\u00e4ndringar som exempel, eller genom <em>stagnation<\/em> (kapitel 7), som den muslimska guld\u00e5ldern (750-1200 f. kr.).<\/p>\n\n\n\n<p><strong>Del 4 &#8211; Oddsen f\u00f6r v\u00e4rldens underg\u00e5ng:<\/strong><\/p>\n\n\n\n<p>Det \u00e4r dags f\u00f6r ett \u00f6vergripande, filosofiskt perspektiv kring <em>populationsetik<\/em> (kapitel 8). <em>Kan framtiden p\u00e5 det stora hela f\u00f6rv\u00e4ntas bli bra eller d\u00e5lig<\/em> (kapitel 9)?<\/p>\n\n\n\n<p><strong>Del 5 &#8211; Att vidta \u00e5tg\u00e4rder:<\/strong><\/p>\n\n\n\n<p>S\u00e5 vad kan vi g\u00f6ra? Vilka insikter har uppst\u00e5tt eller f\u00f6rdjupats, och <em>hur kan vi oms\u00e4tta dem i v\u00e5ra liv<\/em> (kapitel 10)?<\/p>\n\n\n\n<h3 class=\"wp-block-heading\">Tid och plats<\/h3>\n\n\n\n<p>Tv\u00e5 grupper m\u00f6ts parallellt &#8211; en virtuell och en fysisk i Stockholm.<\/p>\n\n\n\n<p>Den fysiska kommer att \u00e4ga rum centralt i Stockholm, n\u00e4ra R\u00e5dmansgatans tunnelbanestation, tisdagar kl 18.00-19.45 den 3\/10, 24\/10, 14\/11, 5\/12 och 9\/1.<\/p>\n\n\n\n<p>Den virtuella kommer att \u00e4ga rum \u00f6ver zoom p\u00e5 torsdagar kl 17.30-19.15 den 5\/10, 26\/10, 16\/11, 7\/12 och 11\/1.<\/p>\n\n\n\n<h3 class=\"wp-block-heading\">Anm\u00e4lan<\/h3>\n\n\n\n<p>Du anm\u00e4ler dig genom att <a href=\"https:\/\/docs.google.com\/forms\/d\/e\/1FAIpQLSe7G5wHq58doVxUyJrIInMBa2-id3H3NOSGlDsOWTHbOc-HCA\/viewform\">fylla i detta formul\u00e4r<\/a> <strong>senast den 17\/9<\/strong>, ange om du vill delta digitalt eller p\u00e5 plats. Observera att antalet platser \u00e4r begr\u00e4nsat. Anm\u00e4lan \u00e4r kostnadsfri, men vi \u00f6nskar att du kan delta vid alla tillf\u00e4llen och att du \u00e4r beredd att aktivt delta i samtalen.<\/p>\n\n\n\n<h3 class=\"wp-block-heading\">\u00d6vrig information<\/h3>\n\n\n\n<p><strong>Cirkelledare:<\/strong> EA Sveriges generalsekreterare <a href=\"https:\/\/www.linkedin.com\/in\/emil-wasteson-44721381\/\" target=\"_blank\" rel=\"noreferrer noopener\">Emil Wasteson<\/a>.<\/p>\n\n\n\n<p><strong>Spr\u00e5k:<\/strong> Svenska<\/p>\n\n\n\n<p><strong>Antal deltagare:<\/strong> Cirka 15 per grupp<\/p>\n\n\n\n<p><strong>Kostnad:<\/strong> Bokcirkeln \u00e4r gratis att delta i, och <a href=\"https:\/\/volanteshop.com\/bok\/vad-framtiden-fortjanar\/?fbclid=IwAR3eaZ-pwl12U8N-OW-yvLP7IepNeir-LzekHxesFAQd_9WVWFCCHpRoadE\" target=\"_blank\" rel=\"noreferrer noopener\">Volante erbjuder alla deltagare 20% rabatt p\u00e5 boken<\/a>. Anv\u00e4nd rabattkoden \u201cEA\u201d.<\/p>\n","protected":false},"excerpt":{"rendered":"<p>Effektiv Altruism Sverige (EA Sverige) bjuder i samarbete med Volante in till en bokcirkel f\u00f6r att l\u00e4sa och diskutera Vad framtiden f\u00f6rtj\u00e4nar &#8211; Att planera f\u00f6r en miljon \u00e5r av William MacAskill. I boken presenterar MacAskill bland annat begreppet longtermism \u2013 insikten om hur avg\u00f6rande vissa av de beslut vi tar idag kan bli f\u00f6r [&hellip;]<\/p>\n","protected":false},"author":21,"featured_media":11805,"comment_status":"closed","ping_status":"open","sticky":false,"template":"","format":"standard","meta":{"site-sidebar-layout":"default","site-content-layout":"","ast-site-content-layout":"default","site-content-style":"default","site-sidebar-style":"default","ast-global-header-display":"","ast-banner-title-visibility":"","ast-main-header-display":"","ast-hfb-above-header-display":"","ast-hfb-below-header-display":"","ast-hfb-mobile-header-display":"","site-post-title":"","ast-breadcrumbs-content":"","ast-featured-img":"","footer-sml-layout":"","ast-disable-related-posts":"","theme-transparent-header-meta":"","adv-header-id-meta":"","stick-header-meta":"","header-above-stick-meta":"","header-main-stick-meta":"","header-below-stick-meta":"","astra-migrate-meta-layouts":"set","ast-page-background-enabled":"default","ast-page-background-meta":{"desktop":{"background-color":"","background-image":"","background-repeat":"repeat","background-position":"center center","background-size":"auto","background-attachment":"scroll","background-type":"","background-media":"","overlay-type":"","overlay-color":"","overlay-opacity":"","overlay-gradient":""},"tablet":{"background-color":"","background-image":"","background-repeat":"repeat","background-position":"center center","background-size":"auto","background-attachment":"scroll","background-type":"","background-media":"","overlay-type":"","overlay-color":"","overlay-opacity":"","overlay-gradient":""},"mobile":{"background-color":"","background-image":"","background-repeat":"repeat","background-position":"center center","background-size":"auto","background-attachment":"scroll","background-type":"","background-media":"","overlay-type":"","overlay-color":"","overlay-opacity":"","overlay-gradient":""}},"ast-content-background-meta":{"desktop":{"background-color":"var(--ast-global-color-5)","background-image":"","background-repeat":"repeat","background-position":"center center","background-size":"auto","background-attachment":"scroll","background-type":"","background-media":"","overlay-type":"","overlay-color":"","overlay-opacity":"","overlay-gradient":""},"tablet":{"background-color":"var(--ast-global-color-5)","background-image":"","background-repeat":"repeat","background-position":"center center","background-size":"auto","background-attachment":"scroll","background-type":"","background-media":"","overlay-type":"","overlay-color":"","overlay-opacity":"","overlay-gradient":""},"mobile":{"background-color":"var(--ast-global-color-5)","background-image":"","background-repeat":"repeat","background-position":"center center","background-size":"auto","background-attachment":"scroll","background-type":"","background-media":"","overlay-type":"","overlay-color":"","overlay-opacity":"","overlay-gradient":""}},"footnotes":""},"categories":[1],"tags":[],"class_list":["post-11804","post","type-post","status-publish","format-standard","has-post-thumbnail","hentry","category-uncategorized"],"yoast_head":"<!-- This site is optimized with the Yoast SEO plugin v27.4 - https:\/\/yoast.com\/product\/yoast-seo-wordpress\/ -->\n<title>Bokcirkel &quot;Vad framtiden f\u00f6rtj\u00e4nar&quot; i samarbete med Volante - Effektiv Altruism<\/title>\n<meta name=\"robots\" content=\"index, follow, max-snippet:-1, max-image-preview:large, max-video-preview:-1\" \/>\n<link rel=\"canonical\" href=\"https:\/\/www.effektivaltruism.org\/en\/bokcirkel-vad-framtiden-fortjanar-i-samarbete-med-volante\/\" \/>\n<meta property=\"og:locale\" content=\"en_US\" \/>\n<meta property=\"og:type\" content=\"article\" \/>\n<meta property=\"og:title\" content=\"Bokcirkel &quot;Vad framtiden f\u00f6rtj\u00e4nar&quot; i samarbete med Volante - Effektiv Altruism\" \/>\n<meta property=\"og:description\" content=\"Effektiv Altruism Sverige (EA Sverige) bjuder i samarbete med Volante in till en bokcirkel f\u00f6r att l\u00e4sa och diskutera Vad framtiden f\u00f6rtj\u00e4nar &#8211; Att planera f\u00f6r en miljon \u00e5r av William MacAskill. I boken presenterar MacAskill bland annat begreppet longtermism \u2013 insikten om hur avg\u00f6rande vissa av de beslut vi tar idag kan bli f\u00f6r [&hellip;]\" \/>\n<meta property=\"og:url\" content=\"https:\/\/www.effektivaltruism.org\/en\/bokcirkel-vad-framtiden-fortjanar-i-samarbete-med-volante\/\" \/>\n<meta property=\"og:site_name\" content=\"Effektiv Altruism\" \/>\n<meta property=\"article:published_time\" content=\"2023-09-10T15:31:00+00:00\" \/>\n<meta property=\"article:modified_time\" content=\"2024-10-30T15:33:17+00:00\" \/>\n<meta property=\"og:image\" content=\"https:\/\/www.effektivaltruism.org\/wp-content\/uploads\/2024\/07\/Asset-1@13x.png\" \/>\n\t<meta property=\"og:image:width\" content=\"2258\" \/>\n\t<meta property=\"og:image:height\" content=\"1179\" \/>\n\t<meta property=\"og:image:type\" content=\"image\/png\" \/><meta property=\"og:image\" content=\"https:\/\/www.effektivaltruism.org\/wp-content\/uploads\/2024\/10\/x1000w-MacAskillPM.jpg\" \/>\n\t<meta property=\"og:image:width\" content=\"1000\" \/>\n\t<meta property=\"og:image:height\" content=\"563\" \/>\n\t<meta property=\"og:image:type\" content=\"image\/jpeg\" \/>\n<meta name=\"author\" content=\"client\" \/>\n<meta name=\"twitter:card\" content=\"summary_large_image\" \/>\n<meta name=\"twitter:label1\" content=\"Written by\" \/>\n\t<meta name=\"twitter:data1\" content=\"client\" \/>\n\t<meta name=\"twitter:label2\" content=\"Est. reading time\" \/>\n\t<meta name=\"twitter:data2\" content=\"3 minutes\" \/>\n<script type=\"application\/ld+json\" class=\"yoast-schema-graph\">{\"@context\":\"https:\\\/\\\/schema.org\",\"@graph\":[{\"@type\":\"Article\",\"@id\":\"https:\\\/\\\/www.effektivaltruism.org\\\/en\\\/bokcirkel-vad-framtiden-fortjanar-i-samarbete-med-volante\\\/#article\",\"isPartOf\":{\"@id\":\"https:\\\/\\\/www.effektivaltruism.org\\\/en\\\/bokcirkel-vad-framtiden-fortjanar-i-samarbete-med-volante\\\/\"},\"author\":{\"name\":\"client\",\"@id\":\"https:\\\/\\\/www.effektivaltruism.org\\\/#\\\/schema\\\/person\\\/8c5660544d57f01f5eb1bb8b471b89d1\"},\"headline\":\"Bokcirkel &#8220;Vad framtiden f\u00f6rtj\u00e4nar&#8221; i samarbete med Volante\",\"datePublished\":\"2023-09-10T15:31:00+00:00\",\"dateModified\":\"2024-10-30T15:33:17+00:00\",\"mainEntityOfPage\":{\"@id\":\"https:\\\/\\\/www.effektivaltruism.org\\\/en\\\/bokcirkel-vad-framtiden-fortjanar-i-samarbete-med-volante\\\/\"},\"wordCount\":508,\"publisher\":{\"@id\":\"https:\\\/\\\/www.effektivaltruism.org\\\/#organization\"},\"image\":{\"@id\":\"https:\\\/\\\/www.effektivaltruism.org\\\/en\\\/bokcirkel-vad-framtiden-fortjanar-i-samarbete-med-volante\\\/#primaryimage\"},\"thumbnailUrl\":\"https:\\\/\\\/www.effektivaltruism.org\\\/wp-content\\\/uploads\\\/2024\\\/10\\\/x1000w-MacAskillPM.jpg\",\"inLanguage\":\"en-US\"},{\"@type\":\"WebPage\",\"@id\":\"https:\\\/\\\/www.effektivaltruism.org\\\/en\\\/bokcirkel-vad-framtiden-fortjanar-i-samarbete-med-volante\\\/\",\"url\":\"https:\\\/\\\/www.effektivaltruism.org\\\/en\\\/bokcirkel-vad-framtiden-fortjanar-i-samarbete-med-volante\\\/\",\"name\":\"Bokcirkel \\\"Vad framtiden f\u00f6rtj\u00e4nar\\\" i samarbete med Volante - Effektiv Altruism\",\"isPartOf\":{\"@id\":\"https:\\\/\\\/www.effektivaltruism.org\\\/#website\"},\"primaryImageOfPage\":{\"@id\":\"https:\\\/\\\/www.effektivaltruism.org\\\/en\\\/bokcirkel-vad-framtiden-fortjanar-i-samarbete-med-volante\\\/#primaryimage\"},\"image\":{\"@id\":\"https:\\\/\\\/www.effektivaltruism.org\\\/en\\\/bokcirkel-vad-framtiden-fortjanar-i-samarbete-med-volante\\\/#primaryimage\"},\"thumbnailUrl\":\"https:\\\/\\\/www.effektivaltruism.org\\\/wp-content\\\/uploads\\\/2024\\\/10\\\/x1000w-MacAskillPM.jpg\",\"datePublished\":\"2023-09-10T15:31:00+00:00\",\"dateModified\":\"2024-10-30T15:33:17+00:00\",\"breadcrumb\":{\"@id\":\"https:\\\/\\\/www.effektivaltruism.org\\\/en\\\/bokcirkel-vad-framtiden-fortjanar-i-samarbete-med-volante\\\/#breadcrumb\"},\"inLanguage\":\"en-US\",\"potentialAction\":[{\"@type\":\"ReadAction\",\"target\":[\"https:\\\/\\\/www.effektivaltruism.org\\\/en\\\/bokcirkel-vad-framtiden-fortjanar-i-samarbete-med-volante\\\/\"]}]},{\"@type\":\"ImageObject\",\"inLanguage\":\"en-US\",\"@id\":\"https:\\\/\\\/www.effektivaltruism.org\\\/en\\\/bokcirkel-vad-framtiden-fortjanar-i-samarbete-med-volante\\\/#primaryimage\",\"url\":\"https:\\\/\\\/www.effektivaltruism.org\\\/wp-content\\\/uploads\\\/2024\\\/10\\\/x1000w-MacAskillPM.jpg\",\"contentUrl\":\"https:\\\/\\\/www.effektivaltruism.org\\\/wp-content\\\/uploads\\\/2024\\\/10\\\/x1000w-MacAskillPM.jpg\",\"width\":1000,\"height\":563},{\"@type\":\"BreadcrumbList\",\"@id\":\"https:\\\/\\\/www.effektivaltruism.org\\\/en\\\/bokcirkel-vad-framtiden-fortjanar-i-samarbete-med-volante\\\/#breadcrumb\",\"itemListElement\":[{\"@type\":\"ListItem\",\"position\":1,\"name\":\"Home\",\"item\":\"https:\\\/\\\/www.effektivaltruism.org\\\/\"},{\"@type\":\"ListItem\",\"position\":2,\"name\":\"Bokcirkel &#8221;Vad framtiden f\u00f6rtj\u00e4nar&#8221; i samarbete med Volante\"}]},{\"@type\":\"WebSite\",\"@id\":\"https:\\\/\\\/www.effektivaltruism.org\\\/#website\",\"url\":\"https:\\\/\\\/www.effektivaltruism.org\\\/\",\"name\":\"Effektiv Altruism\",\"description\":\"Support professionals to switch their career towards more impactful one\",\"publisher\":{\"@id\":\"https:\\\/\\\/www.effektivaltruism.org\\\/#organization\"},\"potentialAction\":[{\"@type\":\"SearchAction\",\"target\":{\"@type\":\"EntryPoint\",\"urlTemplate\":\"https:\\\/\\\/www.effektivaltruism.org\\\/?s={search_term_string}\"},\"query-input\":{\"@type\":\"PropertyValueSpecification\",\"valueRequired\":true,\"valueName\":\"search_term_string\"}}],\"inLanguage\":\"en-US\"},{\"@type\":\"Organization\",\"@id\":\"https:\\\/\\\/www.effektivaltruism.org\\\/#organization\",\"name\":\"Effektiv Altruism\",\"url\":\"https:\\\/\\\/www.effektivaltruism.org\\\/\",\"logo\":{\"@type\":\"ImageObject\",\"inLanguage\":\"en-US\",\"@id\":\"https:\\\/\\\/www.effektivaltruism.org\\\/#\\\/schema\\\/logo\\\/image\\\/\",\"url\":\"https:\\\/\\\/www.effektivaltruism.org\\\/wp-content\\\/uploads\\\/2024\\\/07\\\/Asset-1@13x.png\",\"contentUrl\":\"https:\\\/\\\/www.effektivaltruism.org\\\/wp-content\\\/uploads\\\/2024\\\/07\\\/Asset-1@13x.png\",\"width\":2258,\"height\":1179,\"caption\":\"Effektiv Altruism\"},\"image\":{\"@id\":\"https:\\\/\\\/www.effektivaltruism.org\\\/#\\\/schema\\\/logo\\\/image\\\/\"}},{\"@type\":\"Person\",\"@id\":\"https:\\\/\\\/www.effektivaltruism.org\\\/#\\\/schema\\\/person\\\/8c5660544d57f01f5eb1bb8b471b89d1\",\"name\":\"client\",\"image\":{\"@type\":\"ImageObject\",\"inLanguage\":\"en-US\",\"@id\":\"https:\\\/\\\/secure.gravatar.com\\\/avatar\\\/3b0ff358162cb6609de81b6ca82a9b84abfadff78a0eb4539adf9657a23fbd5a?s=96&d=mm&r=g\",\"url\":\"https:\\\/\\\/secure.gravatar.com\\\/avatar\\\/3b0ff358162cb6609de81b6ca82a9b84abfadff78a0eb4539adf9657a23fbd5a?s=96&d=mm&r=g\",\"contentUrl\":\"https:\\\/\\\/secure.gravatar.com\\\/avatar\\\/3b0ff358162cb6609de81b6ca82a9b84abfadff78a0eb4539adf9657a23fbd5a?s=96&d=mm&r=g\",\"caption\":\"client\"}}]}<\/script>\n<!-- \/ Yoast SEO plugin. -->","yoast_head_json":{"title":"Bokcirkel \"Vad framtiden f\u00f6rtj\u00e4nar\" i samarbete med Volante - Effektiv Altruism","robots":{"index":"index","follow":"follow","max-snippet":"max-snippet:-1","max-image-preview":"max-image-preview:large","max-video-preview":"max-video-preview:-1"},"canonical":"https:\/\/www.effektivaltruism.org\/en\/bokcirkel-vad-framtiden-fortjanar-i-samarbete-med-volante\/","og_locale":"en_US","og_type":"article","og_title":"Bokcirkel \"Vad framtiden f\u00f6rtj\u00e4nar\" i samarbete med Volante - Effektiv Altruism","og_description":"Effektiv Altruism Sverige (EA Sverige) bjuder i samarbete med Volante in till en bokcirkel f\u00f6r att l\u00e4sa och diskutera Vad framtiden f\u00f6rtj\u00e4nar &#8211; Att planera f\u00f6r en miljon \u00e5r av William MacAskill. I boken presenterar MacAskill bland annat begreppet longtermism \u2013 insikten om hur avg\u00f6rande vissa av de beslut vi tar idag kan bli f\u00f6r [&hellip;]","og_url":"https:\/\/www.effektivaltruism.org\/en\/bokcirkel-vad-framtiden-fortjanar-i-samarbete-med-volante\/","og_site_name":"Effektiv Altruism","article_published_time":"2023-09-10T15:31:00+00:00","article_modified_time":"2024-10-30T15:33:17+00:00","og_image":[{"width":2258,"height":1179,"url":"https:\/\/www.effektivaltruism.org\/wp-content\/uploads\/2024\/07\/Asset-1@13x.png","type":"image\/png"},{"width":1000,"height":563,"url":"https:\/\/www.effektivaltruism.org\/wp-content\/uploads\/2024\/10\/x1000w-MacAskillPM.jpg","type":"image\/jpeg"}],"author":"client","twitter_card":"summary_large_image","twitter_misc":{"Written by":"client","Est. reading time":"3 minutes"},"schema":{"@context":"https:\/\/schema.org","@graph":[{"@type":"Article","@id":"https:\/\/www.effektivaltruism.org\/en\/bokcirkel-vad-framtiden-fortjanar-i-samarbete-med-volante\/#article","isPartOf":{"@id":"https:\/\/www.effektivaltruism.org\/en\/bokcirkel-vad-framtiden-fortjanar-i-samarbete-med-volante\/"},"author":{"name":"client","@id":"https:\/\/www.effektivaltruism.org\/#\/schema\/person\/8c5660544d57f01f5eb1bb8b471b89d1"},"headline":"Bokcirkel &#8220;Vad framtiden f\u00f6rtj\u00e4nar&#8221; i samarbete med Volante","datePublished":"2023-09-10T15:31:00+00:00","dateModified":"2024-10-30T15:33:17+00:00","mainEntityOfPage":{"@id":"https:\/\/www.effektivaltruism.org\/en\/bokcirkel-vad-framtiden-fortjanar-i-samarbete-med-volante\/"},"wordCount":508,"publisher":{"@id":"https:\/\/www.effektivaltruism.org\/#organization"},"image":{"@id":"https:\/\/www.effektivaltruism.org\/en\/bokcirkel-vad-framtiden-fortjanar-i-samarbete-med-volante\/#primaryimage"},"thumbnailUrl":"https:\/\/www.effektivaltruism.org\/wp-content\/uploads\/2024\/10\/x1000w-MacAskillPM.jpg","inLanguage":"en-US"},{"@type":"WebPage","@id":"https:\/\/www.effektivaltruism.org\/en\/bokcirkel-vad-framtiden-fortjanar-i-samarbete-med-volante\/","url":"https:\/\/www.effektivaltruism.org\/en\/bokcirkel-vad-framtiden-fortjanar-i-samarbete-med-volante\/","name":"Bokcirkel \"Vad framtiden f\u00f6rtj\u00e4nar\" i samarbete med Volante - Effektiv Altruism","isPartOf":{"@id":"https:\/\/www.effektivaltruism.org\/#website"},"primaryImageOfPage":{"@id":"https:\/\/www.effektivaltruism.org\/en\/bokcirkel-vad-framtiden-fortjanar-i-samarbete-med-volante\/#primaryimage"},"image":{"@id":"https:\/\/www.effektivaltruism.org\/en\/bokcirkel-vad-framtiden-fortjanar-i-samarbete-med-volante\/#primaryimage"},"thumbnailUrl":"https:\/\/www.effektivaltruism.org\/wp-content\/uploads\/2024\/10\/x1000w-MacAskillPM.jpg","datePublished":"2023-09-10T15:31:00+00:00","dateModified":"2024-10-30T15:33:17+00:00","breadcrumb":{"@id":"https:\/\/www.effektivaltruism.org\/en\/bokcirkel-vad-framtiden-fortjanar-i-samarbete-med-volante\/#breadcrumb"},"inLanguage":"en-US","potentialAction":[{"@type":"ReadAction","target":["https:\/\/www.effektivaltruism.org\/en\/bokcirkel-vad-framtiden-fortjanar-i-samarbete-med-volante\/"]}]},{"@type":"ImageObject","inLanguage":"en-US","@id":"https:\/\/www.effektivaltruism.org\/en\/bokcirkel-vad-framtiden-fortjanar-i-samarbete-med-volante\/#primaryimage","url":"https:\/\/www.effektivaltruism.org\/wp-content\/uploads\/2024\/10\/x1000w-MacAskillPM.jpg","contentUrl":"https:\/\/www.effektivaltruism.org\/wp-content\/uploads\/2024\/10\/x1000w-MacAskillPM.jpg","width":1000,"height":563},{"@type":"BreadcrumbList","@id":"https:\/\/www.effektivaltruism.org\/en\/bokcirkel-vad-framtiden-fortjanar-i-samarbete-med-volante\/#breadcrumb","itemListElement":[{"@type":"ListItem","position":1,"name":"Home","item":"https:\/\/www.effektivaltruism.org\/"},{"@type":"ListItem","position":2,"name":"Bokcirkel &#8221;Vad framtiden f\u00f6rtj\u00e4nar&#8221; i samarbete med Volante"}]},{"@type":"WebSite","@id":"https:\/\/www.effektivaltruism.org\/#website","url":"https:\/\/www.effektivaltruism.org\/","name":"Effektiv Altruism","description":"Support professionals to switch their career towards more impactful one","publisher":{"@id":"https:\/\/www.effektivaltruism.org\/#organization"},"potentialAction":[{"@type":"SearchAction","target":{"@type":"EntryPoint","urlTemplate":"https:\/\/www.effektivaltruism.org\/?s={search_term_string}"},"query-input":{"@type":"PropertyValueSpecification","valueRequired":true,"valueName":"search_term_string"}}],"inLanguage":"en-US"},{"@type":"Organization","@id":"https:\/\/www.effektivaltruism.org\/#organization","name":"Effektiv Altruism","url":"https:\/\/www.effektivaltruism.org\/","logo":{"@type":"ImageObject","inLanguage":"en-US","@id":"https:\/\/www.effektivaltruism.org\/#\/schema\/logo\/image\/","url":"https:\/\/www.effektivaltruism.org\/wp-content\/uploads\/2024\/07\/Asset-1@13x.png","contentUrl":"https:\/\/www.effektivaltruism.org\/wp-content\/uploads\/2024\/07\/Asset-1@13x.png","width":2258,"height":1179,"caption":"Effektiv Altruism"},"image":{"@id":"https:\/\/www.effektivaltruism.org\/#\/schema\/logo\/image\/"}},{"@type":"Person","@id":"https:\/\/www.effektivaltruism.org\/#\/schema\/person\/8c5660544d57f01f5eb1bb8b471b89d1","name":"client","image":{"@type":"ImageObject","inLanguage":"en-US","@id":"https:\/\/secure.gravatar.com\/avatar\/3b0ff358162cb6609de81b6ca82a9b84abfadff78a0eb4539adf9657a23fbd5a?s=96&d=mm&r=g","url":"https:\/\/secure.gravatar.com\/avatar\/3b0ff358162cb6609de81b6ca82a9b84abfadff78a0eb4539adf9657a23fbd5a?s=96&d=mm&r=g","contentUrl":"https:\/\/secure.gravatar.com\/avatar\/3b0ff358162cb6609de81b6ca82a9b84abfadff78a0eb4539adf9657a23fbd5a?s=96&d=mm&r=g","caption":"client"}}]}},"_links":{"self":[{"href":"https:\/\/www.effektivaltruism.org\/en\/wp-json\/wp\/v2\/posts\/11804","targetHints":{"allow":["GET"]}}],"collection":[{"href":"https:\/\/www.effektivaltruism.org\/en\/wp-json\/wp\/v2\/posts"}],"about":[{"href":"https:\/\/www.effektivaltruism.org\/en\/wp-json\/wp\/v2\/types\/post"}],"author":[{"embeddable":true,"href":"https:\/\/www.effektivaltruism.org\/en\/wp-json\/wp\/v2\/users\/21"}],"replies":[{"embeddable":true,"href":"https:\/\/www.effektivaltruism.org\/en\/wp-json\/wp\/v2\/comments?post=11804"}],"version-history":[{"count":1,"href":"https:\/\/www.effektivaltruism.org\/en\/wp-json\/wp\/v2\/posts\/11804\/revisions"}],"predecessor-version":[{"id":11807,"href":"https:\/\/www.effektivaltruism.org\/en\/wp-json\/wp\/v2\/posts\/11804\/revisions\/11807"}],"wp:featuredmedia":[{"embeddable":true,"href":"https:\/\/www.effektivaltruism.org\/en\/wp-json\/wp\/v2\/media\/11805"}],"wp:attachment":[{"href":"https:\/\/www.effektivaltruism.org\/en\/wp-json\/wp\/v2\/media?parent=11804"}],"wp:term":[{"taxonomy":"category","embeddable":true,"href":"https:\/\/www.effektivaltruism.org\/en\/wp-json\/wp\/v2\/categories?post=11804"},{"taxonomy":"post_tag","embeddable":true,"href":"https:\/\/www.effektivaltruism.org\/en\/wp-json\/wp\/v2\/tags?post=11804"}],"curies":[{"name":"wp","href":"https:\/\/api.w.org\/{rel}","templated":true}]}}